{"id":121974,"date":"2021-07-20T13:57:09","date_gmt":"2021-07-20T17:57:09","guid":{"rendered":"https:\/\/linitiative.ca\/International\/tunisie-nabeul-transfert-de-trois-malades-se-lhopital-aux-cliniques-privees\/"},"modified":"2021-07-20T13:57:09","modified_gmt":"2021-07-20T17:57:09","slug":"tunisie-nabeul-transfert-de-trois-malades-se-lhopital-aux-cliniques-privees","status":"publish","type":"post","link":"https:\/\/linitiative.ca\/International\/tunisie-nabeul-transfert-de-trois-malades-se-lhopital-aux-cliniques-privees\/","title":{"rendered":"Tunisie \u2013 Nabeul\u00a0: Transfert de trois malades se l\u2019h\u00f4pital aux cliniques priv\u00e9es"},"content":{"rendered":"<div>\n<p>La directrice r\u00e9gionale de la sant\u00e9 de Nabeul a assur\u00e9 que suite \u00e0 la d\u00e9cision de r\u00e9quisition des structures de soins priv\u00e9es, prise par le gouverneur de Nabeul, les services de sa direction ont ordonn\u00e9 le transfert de cinq malades covid qui \u00e9taient hospitalis\u00e9s \u00e0 l\u2019h\u00f4pital local de Soliman, vers d\u2019autres \u00e9tablissements, pour manque d\u2019oxyg\u00e8ne. [\u2026]<\/p>\n<p>L\u2019article <a href=\"https:\/\/www.tunisienumerique.com\/tunisie-nabeul-transfert-de-trois-malades-se-lhopital-aux-cliniques-privees\/\">Tunisie \u2013 Nabeul\u00a0: Transfert de trois malades se l\u2019h\u00f4pital aux cliniques priv\u00e9es<\/a> est apparu en premier sur <a href=\"https:\/\/www.tunisienumerique.com\/\">Tunisie<\/a>.<\/p>\n<\/div>\n<p>Auteur: LM<br \/>\n<a href=\"https:\/\/www.tunisienumerique.com\/tunisie-nabeul-transfert-de-trois-malades-se-lhopital-aux-cliniques-privees\/\">Cliquez ici pour lire l&rsquo;article depuis sa source.<\/a><\/p>\n","protected":false},"excerpt":{"rendered":"<p>La directrice r\u00e9gionale de la sant\u00e9 de Nabeul a assur\u00e9 que suite \u00e0 la d\u00e9cision de r\u00e9quisition des structures de soins priv\u00e9es, prise par le gouverneur de Nabeul, les services de sa direction ont ordonn\u00e9 le transfert de cinq malades covid qui \u00e9taient hospitalis\u00e9s \u00e0 l\u2019h\u00f4pital local de Soliman, vers d\u2019autres \u00e9tablissements, pour manque d\u2019oxyg\u00e8ne. [&hellip;]<\/p>\n","protected":false},"author":1789,"featured_media":0,"comment_status":"closed","ping_status":"closed","sticky":false,"template":"","format":"standard","meta":{"fifu_image_url":"","fifu_image_alt":"","footnotes":""},"categories":[73,55],"tags":[],"class_list":["post-121974","post","type-post","status-publish","format-standard","hentry","category-actualite","category-tunisie"],"_links":{"self":[{"href":"https:\/\/linitiative.ca\/International\/wp-json\/wp\/v2\/posts\/121974","targetHints":{"allow":["GET"]}}],"collection":[{"href":"https:\/\/linitiative.ca\/International\/wp-json\/wp\/v2\/posts"}],"about":[{"href":"https:\/\/linitiative.ca\/International\/wp-json\/wp\/v2\/types\/post"}],"author":[{"embeddable":true,"href":"https:\/\/linitiative.ca\/International\/wp-json\/wp\/v2\/users\/1789"}],"replies":[{"embeddable":true,"href":"https:\/\/linitiative.ca\/International\/wp-json\/wp\/v2\/comments?post=121974"}],"version-history":[{"count":0,"href":"https:\/\/linitiative.ca\/International\/wp-json\/wp\/v2\/posts\/121974\/revisions"}],"wp:attachment":[{"href":"https:\/\/linitiative.ca\/International\/wp-json\/wp\/v2\/media?parent=121974"}],"wp:term":[{"taxonomy":"category","embeddable":true,"href":"https:\/\/linitiative.ca\/International\/wp-json\/wp\/v2\/categories?post=121974"},{"taxonomy":"post_tag","embeddable":true,"href":"https:\/\/linitiative.ca\/International\/wp-json\/wp\/v2\/tags?post=121974"}],"curies":[{"name":"wp","href":"https:\/\/api.w.org\/{rel}","templated":true}]}}