{"id":121975,"date":"2021-07-20T14:05:04","date_gmt":"2021-07-20T18:05:04","guid":{"rendered":"https:\/\/linitiative.ca\/International\/tunisie-video-des-citoyens-en-colere-saccagent-le-centre-de-vaccination-de-rades\/"},"modified":"2021-07-20T14:05:04","modified_gmt":"2021-07-20T18:05:04","slug":"tunisie-video-des-citoyens-en-colere-saccagent-le-centre-de-vaccination-de-rades","status":"publish","type":"post","link":"https:\/\/linitiative.ca\/International\/tunisie-video-des-citoyens-en-colere-saccagent-le-centre-de-vaccination-de-rades\/","title":{"rendered":"Tunisie \u2013 VIDEO\u00a0: Des citoyens en col\u00e8re saccagent le centre de vaccination de Rades"},"content":{"rendered":"<div>\n<p>Des citoyens en col\u00e8re, d\u00e9sesp\u00e9r\u00e9s de pouvoir obtenir leur dose de vaccin, apr\u00e8s de tr\u00e8s longues heures d\u2019attente, s\u2019en sont pris aux installations du centre de Rades, devant lequel ils \u00e9taient en train de patienter, depuis le petit matin. Le personnel m\u00e9dical du centre a du faire appel \u00e0 des renforts s\u00e9curitaires pour canaliser la [\u2026]<\/p>\n<p>L\u2019article <a href=\"https:\/\/www.tunisienumerique.com\/tunisie-video-des-citoyens-en-colere-saccagent-le-centre-de-vaccination-de-rades\/\">Tunisie \u2013 VIDEO\u00a0: Des citoyens en col\u00e8re saccagent le centre de vaccination de Rades<\/a> est apparu en premier sur <a href=\"https:\/\/www.tunisienumerique.com\/\">Tunisie<\/a>.<\/p>\n<\/div>\n<p>Auteur: LM<br \/>\n<a href=\"https:\/\/www.tunisienumerique.com\/tunisie-video-des-citoyens-en-colere-saccagent-le-centre-de-vaccination-de-rades\/\">Cliquez ici pour lire l&rsquo;article depuis sa source.<\/a><\/p>\n","protected":false},"excerpt":{"rendered":"<p>Des citoyens en col\u00e8re, d\u00e9sesp\u00e9r\u00e9s de pouvoir obtenir leur dose de vaccin, apr\u00e8s de tr\u00e8s longues heures d\u2019attente, s\u2019en sont pris aux installations du centre de Rades, devant lequel ils \u00e9taient en train de patienter, depuis le petit matin. Le personnel m\u00e9dical du centre a du faire appel \u00e0 des renforts s\u00e9curitaires pour canaliser la [&hellip;]<\/p>\n","protected":false},"author":1789,"featured_media":0,"comment_status":"closed","ping_status":"closed","sticky":false,"template":"","format":"standard","meta":{"fifu_image_url":"","fifu_image_alt":"","footnotes":""},"categories":[73,55],"tags":[],"class_list":["post-121975","post","type-post","status-publish","format-standard","hentry","category-actualite","category-tunisie"],"_links":{"self":[{"href":"https:\/\/linitiative.ca\/International\/wp-json\/wp\/v2\/posts\/121975","targetHints":{"allow":["GET"]}}],"collection":[{"href":"https:\/\/linitiative.ca\/International\/wp-json\/wp\/v2\/posts"}],"about":[{"href":"https:\/\/linitiative.ca\/International\/wp-json\/wp\/v2\/types\/post"}],"author":[{"embeddable":true,"href":"https:\/\/linitiative.ca\/International\/wp-json\/wp\/v2\/users\/1789"}],"replies":[{"embeddable":true,"href":"https:\/\/linitiative.ca\/International\/wp-json\/wp\/v2\/comments?post=121975"}],"version-history":[{"count":0,"href":"https:\/\/linitiative.ca\/International\/wp-json\/wp\/v2\/posts\/121975\/revisions"}],"wp:attachment":[{"href":"https:\/\/linitiative.ca\/International\/wp-json\/wp\/v2\/media?parent=121975"}],"wp:term":[{"taxonomy":"category","embeddable":true,"href":"https:\/\/linitiative.ca\/International\/wp-json\/wp\/v2\/categories?post=121975"},{"taxonomy":"post_tag","embeddable":true,"href":"https:\/\/linitiative.ca\/International\/wp-json\/wp\/v2\/tags?post=121975"}],"curies":[{"name":"wp","href":"https:\/\/api.w.org\/{rel}","templated":true}]}}