{"id":121976,"date":"2021-07-20T14:12:56","date_gmt":"2021-07-20T18:12:56","guid":{"rendered":"https:\/\/linitiative.ca\/International\/tunisie-journees-portes-ouvertes-de-vaccination-le-ministere-se-retracte-et-limite-laction-a-ceux-qui-ont-entre-40-et-50-ans\/"},"modified":"2021-07-20T14:12:56","modified_gmt":"2021-07-20T18:12:56","slug":"tunisie-journees-portes-ouvertes-de-vaccination-le-ministere-se-retracte-et-limite-laction-a-ceux-qui-ont-entre-40-et-50-ans","status":"publish","type":"post","link":"https:\/\/linitiative.ca\/International\/tunisie-journees-portes-ouvertes-de-vaccination-le-ministere-se-retracte-et-limite-laction-a-ceux-qui-ont-entre-40-et-50-ans\/","title":{"rendered":"Tunisie \u2013 Journ\u00e9es portes ouvertes de vaccination\u00a0: Le minist\u00e8re se r\u00e9tracte et limite l\u2019action \u00e0 ceux qui ont entre 40 et 50 ans"},"content":{"rendered":"<div>\n<p>Devant la pagaille suscit\u00e9e par la d\u00e9cision incompr\u00e9hensible du ministre de la sant\u00e9 d\u2019instaurer des journ\u00e9es portes ouvertes dans les centres de vaccination, et devant l\u2019engouement sans pr\u00e9c\u00e9dant des citoyens, et la foule qu\u2019il y a eu, alors que les doses de vaccin \u00e9taient insuffisantes, le minist\u00e8re de la sant\u00e9 a publi\u00e9 un communiqu\u00e9 en [\u2026]<\/p>\n<p>L\u2019article <a href=\"https:\/\/www.tunisienumerique.com\/tunisie-journees-portes-ouvertes-de-vaccination-le-ministere-se-retracte-et-limite-laction-a-ceux-qui-ont-entre-40-et-50-ans\/\">Tunisie \u2013 Journ\u00e9es portes ouvertes de vaccination\u00a0: Le minist\u00e8re se r\u00e9tracte et limite l\u2019action \u00e0 ceux qui ont entre 40 et 50 ans<\/a> est apparu en premier sur <a href=\"https:\/\/www.tunisienumerique.com\/\">Tunisie<\/a>.<\/p>\n<\/div>\n<p>Auteur: LM<br \/>\n<a href=\"https:\/\/www.tunisienumerique.com\/tunisie-journees-portes-ouvertes-de-vaccination-le-ministere-se-retracte-et-limite-laction-a-ceux-qui-ont-entre-40-et-50-ans\/\">Cliquez ici pour lire l&rsquo;article depuis sa source.<\/a><\/p>\n","protected":false},"excerpt":{"rendered":"<p>Devant la pagaille suscit\u00e9e par la d\u00e9cision incompr\u00e9hensible du ministre de la sant\u00e9 d\u2019instaurer des journ\u00e9es portes ouvertes dans les centres de vaccination, et devant l\u2019engouement sans pr\u00e9c\u00e9dant des citoyens, et la foule qu\u2019il y a eu, alors que les doses de vaccin \u00e9taient insuffisantes, le minist\u00e8re de la sant\u00e9 a publi\u00e9 un communiqu\u00e9 en [&hellip;]<\/p>\n","protected":false},"author":1789,"featured_media":0,"comment_status":"closed","ping_status":"closed","sticky":false,"template":"","format":"standard","meta":{"fifu_image_url":"","fifu_image_alt":"","footnotes":""},"categories":[73,55],"tags":[],"class_list":["post-121976","post","type-post","status-publish","format-standard","hentry","category-actualite","category-tunisie"],"_links":{"self":[{"href":"https:\/\/linitiative.ca\/International\/wp-json\/wp\/v2\/posts\/121976","targetHints":{"allow":["GET"]}}],"collection":[{"href":"https:\/\/linitiative.ca\/International\/wp-json\/wp\/v2\/posts"}],"about":[{"href":"https:\/\/linitiative.ca\/International\/wp-json\/wp\/v2\/types\/post"}],"author":[{"embeddable":true,"href":"https:\/\/linitiative.ca\/International\/wp-json\/wp\/v2\/users\/1789"}],"replies":[{"embeddable":true,"href":"https:\/\/linitiative.ca\/International\/wp-json\/wp\/v2\/comments?post=121976"}],"version-history":[{"count":0,"href":"https:\/\/linitiative.ca\/International\/wp-json\/wp\/v2\/posts\/121976\/revisions"}],"wp:attachment":[{"href":"https:\/\/linitiative.ca\/International\/wp-json\/wp\/v2\/media?parent=121976"}],"wp:term":[{"taxonomy":"category","embeddable":true,"href":"https:\/\/linitiative.ca\/International\/wp-json\/wp\/v2\/categories?post=121976"},{"taxonomy":"post_tag","embeddable":true,"href":"https:\/\/linitiative.ca\/International\/wp-json\/wp\/v2\/tags?post=121976"}],"curies":[{"name":"wp","href":"https:\/\/api.w.org\/{rel}","templated":true}]}}