{"id":121978,"date":"2021-07-20T13:07:57","date_gmt":"2021-07-20T17:07:57","guid":{"rendered":"https:\/\/linitiative.ca\/International\/tentative-manquee-dattaque-contre-le-president-de-la-transition-au-mali\/"},"modified":"2021-07-20T13:07:57","modified_gmt":"2021-07-20T17:07:57","slug":"tentative-manquee-dattaque-contre-le-president-de-la-transition-au-mali","status":"publish","type":"post","link":"https:\/\/linitiative.ca\/International\/tentative-manquee-dattaque-contre-le-president-de-la-transition-au-mali\/","title":{"rendered":"TENTATIVE MANQUEE D\u2019ATTAQUE CONTRE LE PRESIDENT DE LA TRANSITION AU MALI  \u00a0"},"content":{"rendered":"<div>\n<p><img decoding=\"async\" width=\"660\" height=\"287\" src=\"https:\/\/linitiative.ca\/International\/wp-content\/uploads\/sites\/23\/2021\/07\/MALI-1.jpg\" class=\"attachment- size- wp-post-image\" alt=\"\" loading=\"lazy\" style=\"float:left; margin:0 15px 15px 0;\" srcset=\"https:\/\/linitiative.ca\/International\/wp-content\/uploads\/sites\/23\/2021\/07\/MALI-1.jpg 660w, https:\/\/lepays.bf\/wp-content\/uploads\/2021\/07\/MALI-1-300x130.jpg 300w\" sizes=\"auto, (max-width: 660px) 100vw, 660px\">D\u00e9cid\u00e9ment, il ne fait pas bon \u00eatre pr\u00e9sident de la Transition au Mali. C\u2019est le moins que l\u2019on puisse dire. En effet, apr\u00e8s Hamadou Haya Sanogo qui, apr\u00e8s son coup de force en 2012, a \u00e9t\u00e9 contraint, sous la pression de la communaut\u00e9 internationale, notamment la Communaut\u00e9 \u00e9conomique des Etats de l\u2019Afrique de l\u2019Ouest, de \u2026<\/p>\n<p>L\u2019article <a rel=\"nofollow\" href=\"https:\/\/lepays.bf\/tentative-manquee-dattaque-contre-le-president-de-la-transition-au-mali\/\">TENTATIVE MANQUEE D\u2019ATTAQUE CONTRE LE PRESIDENT DE LA TRANSITION AU MALI  \u00a0<\/a> est apparu en premier sur <a rel=\"nofollow\" href=\"https:\/\/lepays.bf\/\">Editions Le Pays<\/a>.<\/p>\n<\/div>\n<p>Auteur: Editions LEPAYS<br \/>\n<a href=\"https:\/\/lepays.bf\/tentative-manquee-dattaque-contre-le-president-de-la-transition-au-mali\/\">Cliquez ici pour lire l&rsquo;article depuis sa source.<\/a><\/p>\n","protected":false},"excerpt":{"rendered":"<p>D\u00e9cid\u00e9ment, il ne fait pas bon \u00eatre pr\u00e9sident de la Transition au Mali. C\u2019est le moins que l\u2019on puisse dire. En effet, apr\u00e8s Hamadou Haya Sanogo qui, apr\u00e8s son coup de force en 2012, a \u00e9t\u00e9 contraint, sous la pression de la communaut\u00e9 internationale, notamment la Communaut\u00e9 \u00e9conomique des Etats de l\u2019Afrique de l\u2019Ouest, de [&hellip;]<\/p>\n","protected":false},"author":1813,"featured_media":0,"comment_status":"closed","ping_status":"closed","sticky":false,"template":"","format":"standard","meta":{"fifu_image_url":"https:\/\/lepays.bf\/wp-content\/uploads\/2021\/07\/MALI-1.jpg","fifu_image_alt":"TENTATIVE MANQUEE D\u2019ATTAQUE CONTRE LE PRESIDENT DE LA TRANSITION AU MALI  \u00a0","footnotes":""},"categories":[73,81],"tags":[],"class_list":["post-121978","post","type-post","status-publish","format-standard","hentry","category-actualite","category-burkina-faso"],"_links":{"self":[{"href":"https:\/\/linitiative.ca\/International\/wp-json\/wp\/v2\/posts\/121978","targetHints":{"allow":["GET"]}}],"collection":[{"href":"https:\/\/linitiative.ca\/International\/wp-json\/wp\/v2\/posts"}],"about":[{"href":"https:\/\/linitiative.ca\/International\/wp-json\/wp\/v2\/types\/post"}],"author":[{"embeddable":true,"href":"https:\/\/linitiative.ca\/International\/wp-json\/wp\/v2\/users\/1813"}],"replies":[{"embeddable":true,"href":"https:\/\/linitiative.ca\/International\/wp-json\/wp\/v2\/comments?post=121978"}],"version-history":[{"count":0,"href":"https:\/\/linitiative.ca\/International\/wp-json\/wp\/v2\/posts\/121978\/revisions"}],"wp:attachment":[{"href":"https:\/\/linitiative.ca\/International\/wp-json\/wp\/v2\/media?parent=121978"}],"wp:term":[{"taxonomy":"category","embeddable":true,"href":"https:\/\/linitiative.ca\/International\/wp-json\/wp\/v2\/categories?post=121978"},{"taxonomy":"post_tag","embeddable":true,"href":"https:\/\/linitiative.ca\/International\/wp-json\/wp\/v2\/tags?post=121978"}],"curies":[{"name":"wp","href":"https:\/\/api.w.org\/{rel}","templated":true}]}}