{"id":121980,"date":"2021-07-20T17:21:41","date_gmt":"2021-07-20T21:21:41","guid":{"rendered":"https:\/\/linitiative.ca\/International\/crise-securitaire-au-sahel-jean-luc-melenchon-souhaite-une-action-efficace\/"},"modified":"2021-07-20T17:21:41","modified_gmt":"2021-07-20T21:21:41","slug":"crise-securitaire-au-sahel-jean-luc-melenchon-souhaite-une-action-efficace","status":"publish","type":"post","link":"https:\/\/linitiative.ca\/International\/crise-securitaire-au-sahel-jean-luc-melenchon-souhaite-une-action-efficace\/","title":{"rendered":"Crise s\u00e9curitaire au Sahel : Jean Luc M\u00e9lenchon souhaite  une action efficace"},"content":{"rendered":"<div>\n<p><strong>Le pr\u00e9sident du Faso, Roch Marc Christian Kabor\u00e9, a re\u00e7u en audience, le pr\u00e9sident du parti politique fran\u00e7ais \u00ab La France insoumise \u00bb, Jean Luc M\u00e9lenchon, le lundi 19 juillet 2021, au palais de Kosyam. La crise s\u00e9curitaire a domin\u00e9 leurs \u00e9changes.<\/strong><\/p>\n<p>La question s\u00e9curitaire dans le Sahel est l\u2019une des pr\u00e9occupations du pr\u00e9sident du parti politique fran\u00e7ais \u00ab La France insoumise \u00bb, Jean Luc M\u00e9lenchon. Il en a longuement \u00e9chang\u00e9 avec le Pr\u00e9sident du Faso, Roch Kabor\u00e9, le lundi 19 juillet 2021, au palais de Kosyam, au cours d\u2019une audience. A son h\u00f4te, M. M\u00e9lenchon s\u2019est dit sceptique du caract\u00e8re religieux des combattants qui, par pays, essaient d\u2019effondrer des structures institutionnelles. Il s\u2019est dit inquiet tout en s\u2019interrogeant sur celui qui finance ces groupes arm\u00e9s. \u00ab Comment peut-on se trouver dans une situation o\u00f9 des individus, venus de nulle part, ne manquent jamais de munitions et sont \u00e9quip\u00e9s de mat\u00e9riels sophistiqu\u00e9s ?<\/p>\n<p>La question du financement et des liens internationaux de ces bandes arm\u00e9es se pose \u00bb, a-t-il affirm\u00e9. Selon le pr\u00e9sident du parti politique \u00ab La France insoumise \u00bb, pour qu\u2019on puisse avoir une action efficace, il convient de r\u00e9pondre aux questions que cette crise s\u00e9curitaire soul\u00e8ve. Jean Luc M\u00e9lenchon a aussi \u00e9voqu\u00e9, au cours de son entretien avec le chef de l\u2019Etat, les cons\u00e9quences de la COVID-19 pour le pays des Hommes int\u00e8gres. \u00ab Nous nous sommes mis \u00e0 l\u2019\u00e9coute des difficult\u00e9s que rencontrent le gouvernement.<\/p>\n<p>C\u2019est en s\u2019\u00e9coutant qu\u2019on augmente les chances de faire face efficacement aux d\u00e9fis de la pand\u00e9mie \u00bb, a estim\u00e9 M. M\u00e9lenchon. Avec le pr\u00e9sident Kabor\u00e9, \u00ab l\u2019insoumis \u00bb a parl\u00e9 \u00e9galement de changement climatique. \u00ab Si beaucoup de cons\u00e9quences sont connues, la plupart des ph\u00e9nom\u00e8nes comme les crises de s\u00e9cheresse sont radicalement nouvelles pour nous. Nous avons \u00e0 apprendre. A partir du moment o\u00f9 le climat fran\u00e7ais se tropicalise, il va de soi que c\u2019est aupr\u00e8s de ceux qui ont trait\u00e9 longuement la question qu\u2019on a le plus \u00e0 apprendre \u00bb.<\/p>\n<p style=\"text-align: right\"><strong>Abdel Aziz NABALOUM<\/strong><\/p>\n<p>\u00a0<\/p>\n<p>\u00a0<\/p>\n<p>L\u2019article <a rel=\"nofollow\" href=\"https:\/\/www.sidwaya.info\/blog\/2021\/07\/20\/crise-securitaire-au-sahel-jean-luc-melenchon-souhaite-une-action-efficace\/\">Crise s\u00e9curitaire au Sahel : Jean Luc M\u00e9lenchon souhaite  une action efficace<\/a> est apparu en premier sur <a rel=\"nofollow\" href=\"https:\/\/www.sidwaya.info\/\">Quotidien Sidwaya<\/a>.<\/p>\n<\/div>\n<p>Auteur: JK. Sidwaya<br \/>\n<a href=\"https:\/\/www.sidwaya.info\/blog\/2021\/07\/20\/crise-securitaire-au-sahel-jean-luc-melenchon-souhaite-une-action-efficace\/\">Cliquez ici pour lire l&rsquo;article depuis sa source.<\/a><\/p>\n","protected":false},"excerpt":{"rendered":"<p>Le pr\u00e9sident du Faso, Roch Marc Christian Kabor\u00e9, a re\u00e7u en audience, le pr\u00e9sident du parti politique fran\u00e7ais \u00ab La France insoumise \u00bb, Jean Luc M\u00e9lenchon, le lundi 19 juillet 2021, au palais de Kosyam. La crise s\u00e9curitaire a domin\u00e9 leurs \u00e9changes. La question s\u00e9curitaire dans le Sahel est l\u2019une des pr\u00e9occupations du pr\u00e9sident du [&hellip;]<\/p>\n","protected":false},"author":1816,"featured_media":0,"comment_status":"closed","ping_status":"closed","sticky":false,"template":"","format":"standard","meta":{"fifu_image_url":"","fifu_image_alt":"","footnotes":""},"categories":[73,81],"tags":[],"class_list":["post-121980","post","type-post","status-publish","format-standard","hentry","category-actualite","category-burkina-faso"],"_links":{"self":[{"href":"https:\/\/linitiative.ca\/International\/wp-json\/wp\/v2\/posts\/121980","targetHints":{"allow":["GET"]}}],"collection":[{"href":"https:\/\/linitiative.ca\/International\/wp-json\/wp\/v2\/posts"}],"about":[{"href":"https:\/\/linitiative.ca\/International\/wp-json\/wp\/v2\/types\/post"}],"author":[{"embeddable":true,"href":"https:\/\/linitiative.ca\/International\/wp-json\/wp\/v2\/users\/1816"}],"replies":[{"embeddable":true,"href":"https:\/\/linitiative.ca\/International\/wp-json\/wp\/v2\/comments?post=121980"}],"version-history":[{"count":0,"href":"https:\/\/linitiative.ca\/International\/wp-json\/wp\/v2\/posts\/121980\/revisions"}],"wp:attachment":[{"href":"https:\/\/linitiative.ca\/International\/wp-json\/wp\/v2\/media?parent=121980"}],"wp:term":[{"taxonomy":"category","embeddable":true,"href":"https:\/\/linitiative.ca\/International\/wp-json\/wp\/v2\/categories?post=121980"},{"taxonomy":"post_tag","embeddable":true,"href":"https:\/\/linitiative.ca\/International\/wp-json\/wp\/v2\/tags?post=121980"}],"curies":[{"name":"wp","href":"https:\/\/api.w.org\/{rel}","templated":true}]}}