{"id":121981,"date":"2021-07-20T17:26:17","date_gmt":"2021-07-20T21:26:17","guid":{"rendered":"https:\/\/linitiative.ca\/International\/cooperation-transfrontaliere-burkina-togo-ghana-la-formalisation-du-cadre-de-concertation-tripartite-en-perspective\/"},"modified":"2021-07-20T17:26:17","modified_gmt":"2021-07-20T21:26:17","slug":"cooperation-transfrontaliere-burkina-togo-ghana-la-formalisation-du-cadre-de-concertation-tripartite-en-perspective","status":"publish","type":"post","link":"https:\/\/linitiative.ca\/International\/cooperation-transfrontaliere-burkina-togo-ghana-la-formalisation-du-cadre-de-concertation-tripartite-en-perspective\/","title":{"rendered":"Coop\u00e9ration transfrontali\u00e8re Burkina-Togo-Ghana : la formalisation du cadre de concertation tripartite en perspective"},"content":{"rendered":"<div>\n<p><strong>La r\u00e9gion des Savanes au Togo a accueilli, la deuxi\u00e8me rencontre transfrontali\u00e8re avec celle du Centre-Est au Burkina Faso, les 12 et 13 juillet 2021, \u00e0 Dapaong. Les travaux ont \u00e9t\u00e9 pr\u00e9sid\u00e9s et dirig\u00e9s par le gouverneur du Centre-Est, Antoine Ou\u00e9draogo et le pr\u00e9fet des Savanes, Tchimbiandja Yendoudokoa Douti.<\/strong><\/p>\n<p>Dans l\u2019optique de renforcer les liens s\u00e9culaires entre les peuples des r\u00e9gions frontali\u00e8res des Savanes (Togo) et du Centre-Est (Burkina Faso) dans une perspective d\u2019int\u00e9gration sous-r\u00e9gionale et de promotion d\u2019un d\u00e9veloppement socio-\u00e9conomique durable, les autorit\u00e9s administratives des deux r\u00e9gions ont institu\u00e9 des rencontres de concertation p\u00e9riodiques. Cela, en vue de promouvoir la coexistence pacifique, de renforcer la coop\u00e9ration transfrontali\u00e8re, ainsi que les liens de fraternit\u00e9 et d\u2019amiti\u00e9 entre les populations de leurs ressorts territoriaux.<\/p>\n<p>Apr\u00e8s Kombissiri au Burkina Faso qui a abrit\u00e9 en 2009 la premi\u00e8re r\u00e9union tripartite des autorit\u00e9s administratives du Centre-Est au Burkina Faso, de la Upper East au Ghana et des Savanes au Togo, c\u2019est Dapaong (Togo) qui a r\u00e9uni, les 12 et 13 juillet 2021, la rencontre transfrontali\u00e8re entre les r\u00e9gions burkinab\u00e8 et togolaise, avec l\u2019appui technique et financier de l\u2019Organisation internationale pour les migrations (OIM).<\/p>\n<p>Le pr\u00e9fet de la r\u00e9gion h\u00f4te de la deuxi\u00e8me rencontre, Tchimbiandja Yendoudokoa Douti, a relev\u00e9 que la question s\u00e9curitaire est une pr\u00e9occupation majeure pour tous les Etats et les dirigeants s\u2019\u00e9vertuent \u00e0 assurer \u00e0 leurs concitoyens, la paix et la s\u00e9curit\u00e9, indispensables \u00e0 leur plein \u00e9panouissement. Il a, par ailleurs, pr\u00e9cis\u00e9 que la rencontre de Dapaong marque un nouveau pas dans les relations l\u00e9gendaires tiss\u00e9es patiemment, car au cours des deux jours de travaux, les participants ont r\u00e9fl\u00e9chi des th\u00e8mes vari\u00e9s pr\u00e9sent\u00e9s par des personnes averties.<\/p>\n<h3>Sensibiliser les populations<\/h3>\n<figure id=\"attachment_37740\" aria-describedby=\"caption-attachment-37740\" style=\"width: 300px\" class=\"wp-caption alignleft\"><img decoding=\"async\" loading=\"lazy\" class=\"size-medium wp-image-37740\" src=\"https:\/\/linitiative.ca\/International\/wp-content\/uploads\/sites\/23\/2021\/07\/bougnan2-300x144-1.jpg\" alt=\"\" width=\"300\" height=\"144\" srcset=\"https:\/\/linitiative.ca\/International\/wp-content\/uploads\/sites\/23\/2021\/07\/bougnan2-300x144-1.jpg 300w, https:\/\/www.sidwaya.info\/wp-content\/uploads\/2021\/07\/bougnan2-768x368.jpg 768w, https:\/\/www.sidwaya.info\/wp-content\/uploads\/2021\/07\/bougnan2-150x72.jpg 150w, https:\/\/www.sidwaya.info\/wp-content\/uploads\/2021\/07\/bougnan2-696x333.jpg 696w, https:\/\/www.sidwaya.info\/wp-content\/uploads\/2021\/07\/bougnan2.jpg 787w\" sizes=\"auto, (max-width: 300px) 100vw, 300px\"><figcaption id=\"caption-attachment-37740\" class=\"wp-caption-text\">Les participants \u00e0 la rencontre de Dapaong ont recommand\u00e9 de formaliser le cadre de concertation transfrontali\u00e8re tripartite avant la fin de l\u2019ann\u00e9e 2021.<\/figcaption><\/figure>\n<p>Ainsi, a-t-il dit, les \u00e9changes sous forme de communications, ont permis aux deux parties d\u2019aborder les enjeux et dispositions pour une meilleure gestion de la transhumance transfrontali\u00e8re dans la r\u00e9gion des Savanes dans un contexte de rar\u00e9faction des ressources et d\u2019ins\u00e9curit\u00e9, la gestion int\u00e9gr\u00e9e des fronti\u00e8res et les exp\u00e9riences du Togo et du Burkina Faso dans la lutte contre l\u2019ins\u00e9curit\u00e9 et l\u2019extr\u00e9misme violent en Afrique subsaharienne. A cela, s\u2019ajoutent la libre circulation des personnes et des biens, les acquis, forces, faiblesses et perspectives des rencontres tripartites (r\u00e9gions des Savanes, Centre-Est et Upper East) et la porosit\u00e9 des fronti\u00e8res.<\/p>\n<p>A la suite des \u00e9changes, les participants ont recommand\u00e9 de formaliser le cadre de concertation transfrontali\u00e8re tripartite avant la fin de l\u2019ann\u00e9e 2021. A cet effet, la partie togolaise s\u2019est engag\u00e9e \u00e0 proposer le draft du projet de convention au plus tard fin ao\u00fbt 2021. Ledit draft devra \u00eatre enrichi par la suite par les parties burkinab\u00e8 et ghan\u00e9enne et adopt\u00e9 lors d\u2019une rencontre tripartite qui sera organis\u00e9e gr\u00e2ce \u00e0 l\u2019appui de l\u2019OIM.<\/p>\n<p>La rencontre a \u00e9galement demand\u00e9 de poursuivre les actions de sensibilisation des populations \u00e0 divers th\u00e8mes dont la coexistence pacifique, la transhumance, la lutte contre le terrorisme et l\u2019extr\u00e9misme violent, de faire le plaidoyer pour l\u2019\u00e9laboration de Sch\u00e9ma d\u2019am\u00e9nagement transfrontalier int\u00e9gr\u00e9 (SATI) et d\u2019instruments locaux de promotion du d\u00e9veloppement local transfrontalier et de renforcer la coop\u00e9ration et la collaboration entre les Forces de d\u00e9fense et de s\u00e9curit\u00e9 (FDS) des deux pays en vue d\u2019une meilleure prise en charge de la question s\u00e9curitaire. La signature du communiqu\u00e9 conjoint par le gouverneur Antoine Ou\u00e9draogo et son homologue du Togo, a sanctionn\u00e9 les<br \/>\ntravaux.<\/p>\n<p style=\"text-align: right\"><strong>Bougnan NAON<\/strong><br \/>\nnaon_2012@yahoo.fr<\/p>\n<p>L\u2019article <a rel=\"nofollow\" href=\"https:\/\/www.sidwaya.info\/blog\/2021\/07\/20\/cooperation-transfrontaliere-burkina-togo-ghana-la-formalisation-du-cadre-de-concertation-tripartite-en-perspective\/\">Coop\u00e9ration transfrontali\u00e8re Burkina-Togo-Ghana : la formalisation du cadre de concertation tripartite en perspective<\/a> est apparu en premier sur <a rel=\"nofollow\" href=\"https:\/\/www.sidwaya.info\/\">Quotidien Sidwaya<\/a>.<\/p>\n<\/div>\n<p>Auteur: JK. Sidwaya<br \/>\n<a href=\"https:\/\/www.sidwaya.info\/blog\/2021\/07\/20\/cooperation-transfrontaliere-burkina-togo-ghana-la-formalisation-du-cadre-de-concertation-tripartite-en-perspective\/\">Cliquez ici pour lire l&rsquo;article depuis sa source.<\/a><\/p>\n","protected":false},"excerpt":{"rendered":"<p>La r\u00e9gion des Savanes au Togo a accueilli, la deuxi\u00e8me rencontre transfrontali\u00e8re avec celle du Centre-Est au Burkina Faso, les 12 et 13 juillet 2021, \u00e0 Dapaong. Les travaux ont \u00e9t\u00e9 pr\u00e9sid\u00e9s et dirig\u00e9s par le gouverneur du Centre-Est, Antoine Ou\u00e9draogo et le pr\u00e9fet des Savanes, Tchimbiandja Yendoudokoa Douti. Dans l\u2019optique de renforcer les liens [&hellip;]<\/p>\n","protected":false},"author":1816,"featured_media":0,"comment_status":"closed","ping_status":"closed","sticky":false,"template":"","format":"standard","meta":{"fifu_image_url":"https:\/\/www.sidwaya.info\/wp-content\/uploads\/2021\/07\/bougnan2-300x144.jpg","fifu_image_alt":"Coop\u00e9ration transfrontali\u00e8re Burkina-Togo-Ghana : la formalisation du cadre de concertation tripartite en perspective","footnotes":""},"categories":[73,81],"tags":[],"class_list":["post-121981","post","type-post","status-publish","format-standard","hentry","category-actualite","category-burkina-faso"],"_links":{"self":[{"href":"https:\/\/linitiative.ca\/International\/wp-json\/wp\/v2\/posts\/121981","targetHints":{"allow":["GET"]}}],"collection":[{"href":"https:\/\/linitiative.ca\/International\/wp-json\/wp\/v2\/posts"}],"about":[{"href":"https:\/\/linitiative.ca\/International\/wp-json\/wp\/v2\/types\/post"}],"author":[{"embeddable":true,"href":"https:\/\/linitiative.ca\/International\/wp-json\/wp\/v2\/users\/1816"}],"replies":[{"embeddable":true,"href":"https:\/\/linitiative.ca\/International\/wp-json\/wp\/v2\/comments?post=121981"}],"version-history":[{"count":0,"href":"https:\/\/linitiative.ca\/International\/wp-json\/wp\/v2\/posts\/121981\/revisions"}],"wp:attachment":[{"href":"https:\/\/linitiative.ca\/International\/wp-json\/wp\/v2\/media?parent=121981"}],"wp:term":[{"taxonomy":"category","embeddable":true,"href":"https:\/\/linitiative.ca\/International\/wp-json\/wp\/v2\/categories?post=121981"},{"taxonomy":"post_tag","embeddable":true,"href":"https:\/\/linitiative.ca\/International\/wp-json\/wp\/v2\/tags?post=121981"}],"curies":[{"name":"wp","href":"https:\/\/api.w.org\/{rel}","templated":true}]}}