{"id":121985,"date":"2021-07-20T17:37:39","date_gmt":"2021-07-20T21:37:39","guid":{"rendered":"https:\/\/linitiative.ca\/International\/fete-de-leid-el-kebir-des-prieres-pour-le-renforcement-de-la-cohesion-sociale\/"},"modified":"2021-07-20T17:37:39","modified_gmt":"2021-07-20T21:37:39","slug":"fete-de-leid-el-kebir-des-prieres-pour-le-renforcement-de-la-cohesion-sociale","status":"publish","type":"post","link":"https:\/\/linitiative.ca\/International\/fete-de-leid-el-kebir-des-prieres-pour-le-renforcement-de-la-cohesion-sociale\/","title":{"rendered":"F\u00eate de l\u2019Eid el K\u00e9bir : des pri\u00e8res pour le renforcement  de la coh\u00e9sion sociale"},"content":{"rendered":"<div>\n<p><strong>La communaut\u00e9 musulmane du Burkina a c\u00e9l\u00e9br\u00e9 la f\u00eate de la Tabaski, le mardi 20 juillet 2021. A Ouagadougou, la grande pri\u00e8re a \u00e9t\u00e9 offici\u00e9e par l\u2019imam Abdallah Ou\u00e9draogo \u00e0 la place de la Nation.<\/strong><\/p>\n<p>Des fid\u00e8les musulmans des quatre coins de la capitale ont encore converg\u00e9 vers la place de la Nation de Ouagadougou pour la pri\u00e8re de l\u2019A\u00efd el K\u00e9bir ou Tabaski. La joie se lisait sur le visage des fid\u00e8les, venus prendre part \u00e0 la c\u00e9r\u00e9monie solennelle offici\u00e9e par l\u2019imam Abdallah Ou\u00e9draogo. Avant la pri\u00e8re, chants, louanges et invocations \u00e0 la gloire de Allah \u00e9taient au rendez-vous. La pri\u00e8re marqu\u00e9e par deux rakats a \u00e9t\u00e9 suivie du sermon de l\u2019imam Ou\u00e9draogo. Celui-ci a expliqu\u00e9 que la Tabaski, jour que Dieu, recommand\u00e9 pour faire de bonnes \u0153uvres. Il a rappel\u00e9 que cette f\u00eate vise \u00e0 rapprocher le musulman de Dieu, comme le proph\u00e8te Abraham qui a voulu sacrifier son fils en guise de soumission \u00e0 Dieu. \u00ab Immoler un homme est difficile \u00e0 fortiori son propre fils.<\/p>\n<p>Cela prouve sa soumission \u00e0 Allah. Ce que Dieu aime, c\u2019est la soumission \u00bb, a d\u00e9clar\u00e9 l\u2019imam. C\u2019est en cela, qu\u2019il a dit que la Tabaski est un signe fort pour les musulmans, une c\u00e9l\u00e9bration du sacrifice, un don de soi. Et selon lui, c\u2019est ce signe que les musulmans du monde vont encore perp\u00e9tuer. Dans son sermon, l\u2019imam a surtout pr\u00each\u00e9 l\u2019entente entre les Burkinab\u00e8. Il a implor\u00e9 Dieu pour que la paix r\u00e8gne au pays des Hommes int\u00e8gres et que s\u2019\u00e9loigne des fils du pays tout ce qui peut les diviser. \u00abLe Burkina est un pays de paix, de solidarit\u00e9 et de coh\u00e9sion. Quelle que soit ta religion, prie pour que la paix r\u00e8gne au pays. C\u2019est un message de paix d\u2019entente, de don de soi dans un moment o\u00f9 on nous demande plus de sacrifices. Les Burkinab\u00e8 doivent se sacrifier pour que notre pays soit respect\u00e9 et o\u00f9 il fait bon vivre\u00bb, a sugg\u00e9r\u00e9 l\u2019imam Abdallah Ou\u00e9draogo.<\/p>\n<p>Le renforcement de la coh\u00e9sion sociale est un imp\u00e9ratif, selon le vice-pr\u00e9sident de la communaut\u00e9 musulmane du Burkina, Mohamed Ou\u00e9draogo. \u00ab C\u2019est le signe fort que nous avons avec la pr\u00e9sence d\u2019autres communaut\u00e9s notamment la communaut\u00e9 chr\u00e9tienne. Cela montre que nous sommes dans un pays o\u00f9 nous respectons les religions, faisons la promotion de la coh\u00e9sion sociale du vivre- ensemble \u00bb, s\u2019est r\u00e9joui le vice-pr\u00e9sident de la communaut\u00e9 musulmane du Burkina. A cette pri\u00e8re, \u00e9taient pr\u00e9sents, le Nonce apostolique, le pr\u00e9sident du Conseil constitutionnel, le ministre en charge de la r\u00e9conciliation nationale\u2026<\/p>\n<h3>\u00ab Nous souhaitons plus d\u2019unit\u00e9 \u00bb<\/h3>\n<p>Le Nonce apostolique, Mgr Michael Fran\u00e7ois Krotty, a, au nom du Saint- P\u00e8re, le Pape Fran\u00e7ois, t\u00e9moign\u00e9 sa solidarit\u00e9 \u00e0 ses fr\u00e8res musulmans. \u00ab Nous sommes tous fr\u00e8res et s\u0153urs d\u2019une m\u00eame famille. C\u2019est un message de solidarit\u00e9 et de respect pour les autres communaut\u00e9s humaines. C\u2019est tr\u00e8s important pour la coh\u00e9sion \u00bb, a pr\u00e9cis\u00e9 le Nonce apostolique. Au nom du gouvernement, le ministre en charge des cultes, Cl\u00e9ment Sawadogo, est venu communier avec les musulmans en ce jour b\u00e9ni de l\u2019A\u00efd el K\u00e9bir, dans la pri\u00e8re et la joie. Le gouvernement a \u00e9t\u00e9 sensible au message de cette communaut\u00e9 \u00e0 l\u2019endroit du pays pour la coh\u00e9sion et la prosp\u00e9rit\u00e9, a-t-il affirm\u00e9.<\/p>\n<p style=\"text-align: left\">\u00ab Nous souhaitons plus d\u2019unit\u00e9, de coh\u00e9sion dans l\u2019imploration \u00e0 Dieu pour le Burkina \u00bb, a souhait\u00e9 le ministre en charge des cultes. Pour le pr\u00e9sident de l\u2019Assembl\u00e9e nationale, Bala Sakand\u00e9, au Burkina, rien ne doit nous diviser. Selon lui, toutes les communaut\u00e9s sont unies, mais il faut renforcer davantage cette union. N\u00e9anmoins, il a plaid\u00e9 : \u00ab Nous demandons pardon aux politiciens parce que nous avons un seul Burkina. Un pays se construit dans le respect et le pardon \u00bb.<\/p>\n<p>\u00a0<\/p>\n<p style=\"text-align: right\"><strong>Abdel Aziz NABALOUM<\/strong><\/p>\n<p>\u00a0<\/p>\n<p>L\u2019article <a rel=\"nofollow\" href=\"https:\/\/www.sidwaya.info\/blog\/2021\/07\/20\/fete-de-leid-el-kebir-des-prieres-pour-le-renforcement-de-la-cohesion-sociale\/\">F\u00eate de l\u2019Eid el K\u00e9bir : des pri\u00e8res pour le renforcement  de la coh\u00e9sion sociale<\/a> est apparu en premier sur <a rel=\"nofollow\" href=\"https:\/\/www.sidwaya.info\/\">Quotidien Sidwaya<\/a>.<\/p>\n<\/div>\n<p>Auteur: JK. Sidwaya<br \/>\n<a href=\"https:\/\/www.sidwaya.info\/blog\/2021\/07\/20\/fete-de-leid-el-kebir-des-prieres-pour-le-renforcement-de-la-cohesion-sociale\/\">Cliquez ici pour lire l&rsquo;article depuis sa source.<\/a><\/p>\n","protected":false},"excerpt":{"rendered":"<p>La communaut\u00e9 musulmane du Burkina a c\u00e9l\u00e9br\u00e9 la f\u00eate de la Tabaski, le mardi 20 juillet 2021. A Ouagadougou, la grande pri\u00e8re a \u00e9t\u00e9 offici\u00e9e par l\u2019imam Abdallah Ou\u00e9draogo \u00e0 la place de la Nation. Des fid\u00e8les musulmans des quatre coins de la capitale ont encore converg\u00e9 vers la place de la Nation de Ouagadougou [&hellip;]<\/p>\n","protected":false},"author":1816,"featured_media":0,"comment_status":"closed","ping_status":"closed","sticky":false,"template":"","format":"standard","meta":{"fifu_image_url":"","fifu_image_alt":"","footnotes":""},"categories":[73,81],"tags":[],"class_list":["post-121985","post","type-post","status-publish","format-standard","hentry","category-actualite","category-burkina-faso"],"_links":{"self":[{"href":"https:\/\/linitiative.ca\/International\/wp-json\/wp\/v2\/posts\/121985","targetHints":{"allow":["GET"]}}],"collection":[{"href":"https:\/\/linitiative.ca\/International\/wp-json\/wp\/v2\/posts"}],"about":[{"href":"https:\/\/linitiative.ca\/International\/wp-json\/wp\/v2\/types\/post"}],"author":[{"embeddable":true,"href":"https:\/\/linitiative.ca\/International\/wp-json\/wp\/v2\/users\/1816"}],"replies":[{"embeddable":true,"href":"https:\/\/linitiative.ca\/International\/wp-json\/wp\/v2\/comments?post=121985"}],"version-history":[{"count":0,"href":"https:\/\/linitiative.ca\/International\/wp-json\/wp\/v2\/posts\/121985\/revisions"}],"wp:attachment":[{"href":"https:\/\/linitiative.ca\/International\/wp-json\/wp\/v2\/media?parent=121985"}],"wp:term":[{"taxonomy":"category","embeddable":true,"href":"https:\/\/linitiative.ca\/International\/wp-json\/wp\/v2\/categories?post=121985"},{"taxonomy":"post_tag","embeddable":true,"href":"https:\/\/linitiative.ca\/International\/wp-json\/wp\/v2\/tags?post=121985"}],"curies":[{"name":"wp","href":"https:\/\/api.w.org\/{rel}","templated":true}]}}