{"id":121986,"date":"2021-07-20T17:43:07","date_gmt":"2021-07-20T21:43:07","guid":{"rendered":"https:\/\/linitiative.ca\/International\/rencontre-gouvernement-syndicats-le-cahier-des-doleances-de-2017-a-2021-en-debat\/"},"modified":"2021-07-20T17:43:07","modified_gmt":"2021-07-20T21:43:07","slug":"rencontre-gouvernement-syndicats-le-cahier-des-doleances-de-2017-a-2021-en-debat","status":"publish","type":"post","link":"https:\/\/linitiative.ca\/International\/rencontre-gouvernement-syndicats-le-cahier-des-doleances-de-2017-a-2021-en-debat\/","title":{"rendered":"Rencontre gouvernement-syndicats : Le cahier des dol\u00e9ances de 2017 \u00e0 2021 en d\u00e9bat"},"content":{"rendered":"<div>\n<p><strong>Le Premier ministre, Christophe Joseph Marie Dabir\u00e9, a pr\u00e9sid\u00e9, le lundi 19 juillet 2021 \u00e0 Ouagadougou, l\u2019ouverture des travaux de la rencontre gouvernement-syndicats. Pr\u00e9vue du 19 au 23 juillet 2021, cette tribune de dialogue et de concertations est l\u2019occasion pour les deux parties de se pencher sur les pr\u00e9occupations des travailleurs.<\/strong><\/p>\n<p>Apr\u00e8s quatre ann\u00e9es de suspension, les organisations syndicales et le gouvernement ont renou\u00e9 le fil du dialogue. L\u2019ouverture des travaux de la traditionnelle rencontre entre les deux parties, a lieu, le lundi 19 juillet 2021, \u00e0 Ouagadougou et ce pour cinq jours afin d\u2019\u00e9changer sur les diff\u00e9rentes pr\u00e9occupations des travailleurs. \u00ab Nous saluons les responsables des organisations syndicales qui ont su faire preuve de d\u00e9passement de soi, favorisant ainsi la reprise des n\u00e9gociations \u00bb, s\u2019est r\u00e9joui le Premier ministre, Christophe Joseph Marie Dabir\u00e9. Il a rappel\u00e9 que la rencontre pour l\u2019examen des cahiers de dol\u00e9ances des ann\u00e9es 2017 \u00e0 2021 n\u2019avait pas pu se poursuivre. Durant cette p\u00e9riode de suspension, les multiples actes propos\u00e9s pour la reprise des travaux n\u2019ont pu trouver de consensus malgr\u00e9 la feuille de route \u00e9labor\u00e9e en juillet 2019, a relev\u00e9 le chef du gouvernement.<\/p>\n<p>\u00ab La tenue de ce cadre de dialogue ne doit pas \u00eatre l\u2019ultime recours pour apporter des r\u00e9ponses aux pr\u00e9occupations des travailleurs. Il doit f\u00e9d\u00e9rer les efforts d\u00e9ploy\u00e9s au niveau sectoriel \u00e0 travers des \u00e9changes permanents avec les partenaires sociaux autour de leurs pr\u00e9occupations \u00bb, a-t-il soulign\u00e9. Au regard de la qualit\u00e9 des participants, a-t-il appr\u00e9ci\u00e9, les \u00e9changes parviendront \u00e0 des solutions justes et consensuelles. De ce fait, il a appel\u00e9 \u00e0 un dialogue constructif et f\u00e9cond. Car, \u00e0 l\u2019entendre, un partenariat fructueux s\u2019impose afin de sortir de toute logique de suspicions permanentes et d\u2019affrontement syst\u00e9matique qui compromet la paix sociale.<\/p>\n<figure id=\"attachment_37754\" aria-describedby=\"caption-attachment-37754\" style=\"width: 300px\" class=\"wp-caption alignleft\"><img decoding=\"async\" loading=\"lazy\" class=\"size-medium wp-image-37754\" src=\"https:\/\/linitiative.ca\/International\/wp-content\/uploads\/sites\/23\/2021\/07\/images2-300x198-1.jpg\" alt=\"\" width=\"300\" height=\"198\" srcset=\"https:\/\/linitiative.ca\/International\/wp-content\/uploads\/sites\/23\/2021\/07\/images2-300x198-1.jpg 300w, https:\/\/www.sidwaya.info\/wp-content\/uploads\/2021\/07\/images2-768x506.jpg 768w, https:\/\/www.sidwaya.info\/wp-content\/uploads\/2021\/07\/images2-150x99.jpg 150w, https:\/\/www.sidwaya.info\/wp-content\/uploads\/2021\/07\/images2-696x459.jpg 696w, https:\/\/www.sidwaya.info\/wp-content\/uploads\/2021\/07\/images2-637x420.jpg 637w, https:\/\/www.sidwaya.info\/wp-content\/uploads\/2021\/07\/images2-741x486.jpg 741w, https:\/\/www.sidwaya.info\/wp-content\/uploads\/2021\/07\/images2.jpg 780w\" sizes=\"auto, (max-width: 300px) 100vw, 300px\"><figcaption id=\"caption-attachment-37754\" class=\"wp-caption-text\">Durant les cinq jours, les participants vont se pencher sur les pr\u00e9occupations des travailleurs.<\/figcaption><\/figure>\n<p>\u00ab Nous invitons toutes les parties \u00e0 faire preuve d\u2019une volont\u00e9 commune en vue d\u2019\u0153uvrer \u00e0 la promotion des relations saines de travail et de partenariat b\u00e9n\u00e9fique \u00bb,<br \/>\na-t-il souhait\u00e9. Pour le pr\u00e9sident du mois des centrales syndicales, Abdoulaye Ou\u00e9draogo, diff\u00e9rentes pr\u00e9occupations seront examin\u00e9es au cours de ces \u00e9changes, en tenant compte des r\u00e9alit\u00e9s du v\u00e9cu des travailleurs. \u00ab Parmi tant d\u2019autres, nous avons l\u2019am\u00e9lioration des conditions de vie des travailleurs, le respect de la libert\u00e9 syndicale \u00bb, a-t-il \u00e9voqu\u00e9. M. Dabir\u00e9 qui a reconnu les pr\u00e9occupations des travailleurs, a souhait\u00e9 des discussions franches pour apporter des r\u00e9ponses appropri\u00e9es aux probl\u00e8mes.<\/p>\n<p>La partie syndicale avait exig\u00e9 du gouvernement un pr\u00e9alable, notamment la suspension de l\u2019Imp\u00f4t unique sur les traitements et les salaires (IUTS), pr\u00e9lev\u00e9 sur les primes et les indemnit\u00e9s servis aux travailleurs, rappelle-t-on. \u00ab Nous avons lev\u00e9 le pied sur ce qui \u00e9tait un pr\u00e9alable. C\u2019est la loi du donner et du recevoir. Nous n\u2019avons pas de position fig\u00e9e, nous allons observer ce qui nous a \u00e9t\u00e9 propos\u00e9 \u00bb, a-t-il rassur\u00e9.<\/p>\n<p style=\"text-align: right\"><strong>Aly SAWADOGO<\/strong><br \/>\n<strong>Yirinana Serge TAO<\/strong><br \/>\n(Stagiaire)<\/p>\n<p>\u00a0<\/p>\n<p>L\u2019article <a rel=\"nofollow\" href=\"https:\/\/www.sidwaya.info\/blog\/2021\/07\/20\/rencontre-gouvernement-syndicats-le-cahier-des-doleances-de-2017-a-2021-en-debat\/\">Rencontre gouvernement-syndicats : Le cahier des dol\u00e9ances de 2017 \u00e0 2021 en d\u00e9bat<\/a> est apparu en premier sur <a rel=\"nofollow\" href=\"https:\/\/www.sidwaya.info\/\">Quotidien Sidwaya<\/a>.<\/p>\n<\/div>\n<p>Auteur: JK. Sidwaya<br \/>\n<a href=\"https:\/\/www.sidwaya.info\/blog\/2021\/07\/20\/rencontre-gouvernement-syndicats-le-cahier-des-doleances-de-2017-a-2021-en-debat\/\">Cliquez ici pour lire l&rsquo;article depuis sa source.<\/a><\/p>\n","protected":false},"excerpt":{"rendered":"<p>Le Premier ministre, Christophe Joseph Marie Dabir\u00e9, a pr\u00e9sid\u00e9, le lundi 19 juillet 2021 \u00e0 Ouagadougou, l\u2019ouverture des travaux de la rencontre gouvernement-syndicats. Pr\u00e9vue du 19 au 23 juillet 2021, cette tribune de dialogue et de concertations est l\u2019occasion pour les deux parties de se pencher sur les pr\u00e9occupations des travailleurs. Apr\u00e8s quatre ann\u00e9es de [&hellip;]<\/p>\n","protected":false},"author":1816,"featured_media":0,"comment_status":"closed","ping_status":"closed","sticky":false,"template":"","format":"standard","meta":{"fifu_image_url":"https:\/\/www.sidwaya.info\/wp-content\/uploads\/2021\/07\/images2-300x198.jpg","fifu_image_alt":"Rencontre gouvernement-syndicats : Le cahier des dol\u00e9ances de 2017 \u00e0 2021 en d\u00e9bat","footnotes":""},"categories":[73,81],"tags":[],"class_list":["post-121986","post","type-post","status-publish","format-standard","hentry","category-actualite","category-burkina-faso"],"_links":{"self":[{"href":"https:\/\/linitiative.ca\/International\/wp-json\/wp\/v2\/posts\/121986","targetHints":{"allow":["GET"]}}],"collection":[{"href":"https:\/\/linitiative.ca\/International\/wp-json\/wp\/v2\/posts"}],"about":[{"href":"https:\/\/linitiative.ca\/International\/wp-json\/wp\/v2\/types\/post"}],"author":[{"embeddable":true,"href":"https:\/\/linitiative.ca\/International\/wp-json\/wp\/v2\/users\/1816"}],"replies":[{"embeddable":true,"href":"https:\/\/linitiative.ca\/International\/wp-json\/wp\/v2\/comments?post=121986"}],"version-history":[{"count":0,"href":"https:\/\/linitiative.ca\/International\/wp-json\/wp\/v2\/posts\/121986\/revisions"}],"wp:attachment":[{"href":"https:\/\/linitiative.ca\/International\/wp-json\/wp\/v2\/media?parent=121986"}],"wp:term":[{"taxonomy":"category","embeddable":true,"href":"https:\/\/linitiative.ca\/International\/wp-json\/wp\/v2\/categories?post=121986"},{"taxonomy":"post_tag","embeddable":true,"href":"https:\/\/linitiative.ca\/International\/wp-json\/wp\/v2\/tags?post=121986"}],"curies":[{"name":"wp","href":"https:\/\/api.w.org\/{rel}","templated":true}]}}