{"id":121988,"date":"2021-07-20T11:18:02","date_gmt":"2021-07-20T15:18:02","guid":{"rendered":"https:\/\/linitiative.ca\/International\/afrique-du-sud-le-proces-de-jacob-zuma-reporte-au-10-aout\/"},"modified":"2021-07-20T11:18:02","modified_gmt":"2021-07-20T15:18:02","slug":"afrique-du-sud-le-proces-de-jacob-zuma-reporte-au-10-aout","status":"publish","type":"post","link":"https:\/\/linitiative.ca\/International\/afrique-du-sud-le-proces-de-jacob-zuma-reporte-au-10-aout\/","title":{"rendered":"Afrique du Sud : le proc\u00e8s de Jacob Zuma report\u00e9 au 10 ao\u00fbt"},"content":{"rendered":"<div>\n<p><img loading=\"lazy\" decoding=\"async\" width=\"678\" height=\"381\" src=\"https:\/\/linitiative.ca\/International\/wp-content\/uploads\/sites\/23\/2021\/07\/16267942821925.jpg\" class=\"attachment-post-thumbnail size-post-thumbnail wp-post-image\" alt=\"\" srcset=\"https:\/\/linitiative.ca\/International\/wp-content\/uploads\/sites\/23\/2021\/07\/16267942821925.jpg 678w, https:\/\/www.journalducameroun.com\/wp-content\/uploads\/2021\/07\/16267942821925-300x169.jpg 300w, https:\/\/www.journalducameroun.com\/wp-content\/uploads\/2021\/07\/16267942821925-780x440.jpg 780w, https:\/\/www.journalducameroun.com\/wp-content\/uploads\/2021\/07\/16267942821925-380x215.jpg 380w, https:\/\/www.journalducameroun.com\/wp-content\/uploads\/2021\/07\/16267942821925-160x90.jpg 160w, https:\/\/www.journalducameroun.com\/wp-content\/uploads\/2021\/07\/16267942821925-240x135.jpg 240w, https:\/\/www.journalducameroun.com\/wp-content\/uploads\/2021\/07\/16267942821925-600x337.jpg 600w\" sizes=\"auto, (max-width: 678px) 100vw, 678px\"><\/p>\n<p>Le pool d&rsquo;avocats de l&rsquo;ancien pr\u00e9sident sud-africain avait saisi le Tribunal de grande instance de Pietermaritzburg, capitale de la province du KwaZulu-Natal, pour s&rsquo;opposer \u00e0 \u00ab la virtualit\u00e9 des audiences \u00bb.C&rsquo;est une victoire pour les conseils de Jacob Zuma selon qui la tenue d&rsquo;une \u00ab audience p\u00e9nale virtuelle en l&rsquo;absence de l&rsquo;accus\u00e9 \u00bb constituait une violation des droits constitutionnels de leur client. La fondation de l&rsquo;ex-chef de l&rsquo;Etat a soutenu que \u00ab la Constitution a gagn\u00e9 enfin \u00bb avec le report du proc\u00e8s devant prendre fin le 13 ao\u00fbt.<\/p>\n<p>Pour trancher la controverse \u00e0 propos d&rsquo;une audience virtuelle ou en pr\u00e9sentiel, le Tribunal de grande instance de Pietermaritzburg a demand\u00e9 aux parties prenantes de \u00ab d\u00e9poser une liste d&rsquo;arguments \u00bb d&rsquo;ici la reprise du proc\u00e8s.<\/p>\n<p>Ces derni\u00e8res semaines, les jugements sont rendus virtuellement en Afrique du Sud \u00e0 cause des restrictions dues au nouveau coronavirus. De plus, le repr\u00e9sentant du minist\u00e8re public a expliqu\u00e9 que l&rsquo;utilisation de ce proc\u00e9d\u00e9 pour le proc\u00e8s Zuma aurait permis d&rsquo;\u00e9viter davantage de \u00ab perturbations \u00bb.<\/p>\n<p>L&#8217;emprisonnement de Jacob Zuma, dans le cadre d&rsquo;une autre affaire judiciaire, a d\u00e9clench\u00e9 des \u00e9meutes ayant caus\u00e9 plus de 200 morts dans le pays. L&rsquo;actuel pr\u00e9sident, Cyril Ramaphosa, a accus\u00e9 les partisans de Zuma d&rsquo;avoir planifi\u00e9 les violences pour d\u00e9stabiliser son r\u00e9gime.<\/p>\n<p>Jacob Zuma doit r\u00e9pondre de seize chefs d&rsquo;accusation de fraude, corruption et racket li\u00e9s \u00e0 l&rsquo;achat de mat\u00e9riel militaire en 1999 aupr\u00e8s de cinq soci\u00e9t\u00e9s d&rsquo;armement europ\u00e9ennes. A cette \u00e9poque, il occupait le poste de vice-pr\u00e9sident de la nation arc-en-ciel.<\/p>\n<p>Dans cette affaire, on l&rsquo;accuse d&rsquo;avoir ind\u00fbment re\u00e7u plus de quatre millions de rands (soit 235.000 euros) notamment du groupe Thales. Cette entreprise fran\u00e7aise de l&rsquo;armement \u00e9tait l&rsquo;une des attributaires d&rsquo;un contrat d&rsquo;environ 2,8 milliards d&rsquo;euros. Pour cela, Thales est \u00e9galement poursuivie pour corruption et blanchiment.<\/p>\n<p>Cet article <a rel=\"nofollow\" href=\"https:\/\/www.journalducameroun.com\/afrique-du-sud-le-proces-de-jacob-zuma-reporte-au-10-aout\/\">Afrique du Sud : le proc\u00e8s de Jacob Zuma report\u00e9 au 10 ao\u00fbt<\/a> est apparu en premier sur <a rel=\"nofollow\" href=\"https:\/\/www.journalducameroun.com\/\">Journal du Cameroun<\/a>.<\/p>\n<\/div>\n<p>Auteur: APA News<br \/>\n<a href=\"https:\/\/www.journalducameroun.com\/afrique-du-sud-le-proces-de-jacob-zuma-reporte-au-10-aout\/\">Cliquez ici pour lire l&rsquo;article depuis sa source.<\/a><\/p>\n","protected":false},"excerpt":{"rendered":"<p>Le pool d&rsquo;avocats de l&rsquo;ancien pr\u00e9sident sud-africain avait saisi le Tribunal de grande instance de Pietermaritzburg, capitale de la province du KwaZulu-Natal, pour s&rsquo;opposer \u00e0 \u00ab la virtualit\u00e9 des audiences \u00bb.C&rsquo;est une victoire pour les conseils de Jacob Zuma selon qui la tenue d&rsquo;une \u00ab audience p\u00e9nale virtuelle en l&rsquo;absence de l&rsquo;accus\u00e9 \u00bb constituait une [&hellip;]<\/p>\n","protected":false},"author":1965,"featured_media":0,"comment_status":"closed","ping_status":"closed","sticky":false,"template":"","format":"standard","meta":{"fifu_image_url":"https:\/\/www.journalducameroun.com\/wp-content\/uploads\/2021\/07\/16267942821925.jpg","fifu_image_alt":"Afrique du Sud : le proc\u00e8s de Jacob Zuma report\u00e9 au 10 ao\u00fbt","footnotes":""},"categories":[73,82],"tags":[],"class_list":["post-121988","post","type-post","status-publish","format-standard","hentry","category-actualite","category-cameroun"],"_links":{"self":[{"href":"https:\/\/linitiative.ca\/International\/wp-json\/wp\/v2\/posts\/121988","targetHints":{"allow":["GET"]}}],"collection":[{"href":"https:\/\/linitiative.ca\/International\/wp-json\/wp\/v2\/posts"}],"about":[{"href":"https:\/\/linitiative.ca\/International\/wp-json\/wp\/v2\/types\/post"}],"author":[{"embeddable":true,"href":"https:\/\/linitiative.ca\/International\/wp-json\/wp\/v2\/users\/1965"}],"replies":[{"embeddable":true,"href":"https:\/\/linitiative.ca\/International\/wp-json\/wp\/v2\/comments?post=121988"}],"version-history":[{"count":0,"href":"https:\/\/linitiative.ca\/International\/wp-json\/wp\/v2\/posts\/121988\/revisions"}],"wp:attachment":[{"href":"https:\/\/linitiative.ca\/International\/wp-json\/wp\/v2\/media?parent=121988"}],"wp:term":[{"taxonomy":"category","embeddable":true,"href":"https:\/\/linitiative.ca\/International\/wp-json\/wp\/v2\/categories?post=121988"},{"taxonomy":"post_tag","embeddable":true,"href":"https:\/\/linitiative.ca\/International\/wp-json\/wp\/v2\/tags?post=121988"}],"curies":[{"name":"wp","href":"https:\/\/api.w.org\/{rel}","templated":true}]}}