{"id":121992,"date":"2021-07-20T11:18:02","date_gmt":"2021-07-20T15:18:02","guid":{"rendered":"https:\/\/linitiative.ca\/International\/tabaski-bedie-souhaite-une-cote-divoire-rassemblee-et-reconciliee\/"},"modified":"2021-07-20T11:18:02","modified_gmt":"2021-07-20T15:18:02","slug":"tabaski-bedie-souhaite-une-cote-divoire-rassemblee-et-reconciliee","status":"publish","type":"post","link":"https:\/\/linitiative.ca\/International\/tabaski-bedie-souhaite-une-cote-divoire-rassemblee-et-reconciliee\/","title":{"rendered":"Tabaski: B\u00e9di\u00e9 souhaite une \u00ab\u00a0C\u00f4te d\u2019Ivoire rassembl\u00e9e et r\u00e9concili\u00e9e\u00a0\u00bb"},"content":{"rendered":"<div>\n<p><img loading=\"lazy\" decoding=\"async\" width=\"512\" height=\"341\" src=\"https:\/\/linitiative.ca\/International\/wp-content\/uploads\/sites\/23\/2021\/07\/16267942824371.jpg\" class=\"attachment-post-thumbnail size-post-thumbnail wp-post-image\" alt=\"\" srcset=\"https:\/\/linitiative.ca\/International\/wp-content\/uploads\/sites\/23\/2021\/07\/16267942824371.jpg 512w, https:\/\/www.journalducameroun.com\/wp-content\/uploads\/2021\/07\/16267942824371-300x200.jpg 300w\" sizes=\"auto, (max-width: 512px) 100vw, 512px\"><\/p>\n<p>Le pr\u00e9sident du Parti d\u00e9mocratique de C\u00f4te d&rsquo;Ivoire (Pdci, ex-alli\u00e9 au pouvoir), Henri Konan B\u00e9di\u00e9, a exprim\u00e9 mardi une \u00ab\u00a0heureuse\u00a0\u00bb f\u00eate de Tabaski aux musulmans, souhaitant une \u00ab\u00a0C\u00f4te d&rsquo;Ivoire rassembl\u00e9e et r\u00e9concili\u00e9e\u00a0\u00bb, dans un message.<\/p>\n<p>\u00ab\u00a0Que Dieu, dans sa mis\u00e9ricorde, entende et accepte nos pri\u00e8res pour une C\u00f4te d&rsquo;Ivoire rassembl\u00e9e et r\u00e9concili\u00e9e autour de ses valeurs fondamentales\u00a0\u00bb, a d\u00e9clar\u00e9 le chef du Pdci, Henri Konan B\u00e9di\u00e9, dans un message.\u00a0<\/p>\n<p>Il a indiqu\u00e9 que c&rsquo;est avec un plaisir renouvel\u00e9 qu&rsquo;il s&rsquo;adresse \u00e0 la communaut\u00e9 musulmane, en cette \u00ab\u00a0heureuse occasion de la f\u00eate de l&rsquo;A\u00efd El-K\u00e9bir ou f\u00eate de la Tabaski, se joignant \u00e0 eux pour rendre gr\u00e2ce \u00e0 Allah.<\/p>\n<p>Le pr\u00e9sident du Pdci s&rsquo;est r\u00e9joui de ce que le Dieu Tout-puissant permette de c\u00e9l\u00e9brer \u00ab\u00a0en toute qui\u00e9tude, une fois encore la f\u00eate du sacrifice du mouton: un sacrifice \u00e0 Dieu pour lui dire que l&rsquo;on est pr\u00eat \u00e0 sacrifier le meilleur de nous-m\u00eame pour lui\u00a0\u00bb.<\/p>\n<p>\u00ab\u00a0Que l&rsquo;amour et le partage nous habitent en tout temps et en tout lieu\u00a0\u00bb, a conclu l&rsquo;ancien pr\u00e9sident ivoirien Henri Konan B\u00e9di\u00e9, dont le parti autrefois alli\u00e9 au Rhdp (pouvoir), s&rsquo;est rapproch\u00e9 de Laurent Gbagbo, son ex-rival. \u00a0\u00a0<\/p>\n<p>Cet article <a rel=\"nofollow\" href=\"https:\/\/www.journalducameroun.com\/tabaski-bedie-souhaite-une-cote-divoire-rassemblee-et-reconciliee\/\">Tabaski: B\u00e9di\u00e9 souhaite une \u00ab\u00a0C\u00f4te d\u2019Ivoire rassembl\u00e9e et r\u00e9concili\u00e9e\u00a0\u00bb<\/a> est apparu en premier sur <a rel=\"nofollow\" href=\"https:\/\/www.journalducameroun.com\/\">Journal du Cameroun<\/a>.<\/p>\n<\/div>\n<p>Auteur: APA News<br \/>\n<a href=\"https:\/\/www.journalducameroun.com\/tabaski-bedie-souhaite-une-cote-divoire-rassemblee-et-reconciliee\/\">Cliquez ici pour lire l&rsquo;article depuis sa source.<\/a><\/p>\n","protected":false},"excerpt":{"rendered":"<p>Le pr\u00e9sident du Parti d\u00e9mocratique de C\u00f4te d&rsquo;Ivoire (Pdci, ex-alli\u00e9 au pouvoir), Henri Konan B\u00e9di\u00e9, a exprim\u00e9 mardi une \u00ab\u00a0heureuse\u00a0\u00bb f\u00eate de Tabaski aux musulmans, souhaitant une \u00ab\u00a0C\u00f4te d&rsquo;Ivoire rassembl\u00e9e et r\u00e9concili\u00e9e\u00a0\u00bb, dans un message. \u00ab\u00a0Que Dieu, dans sa mis\u00e9ricorde, entende et accepte nos pri\u00e8res pour une C\u00f4te d&rsquo;Ivoire rassembl\u00e9e et r\u00e9concili\u00e9e autour de ses [&hellip;]<\/p>\n","protected":false},"author":1965,"featured_media":0,"comment_status":"closed","ping_status":"closed","sticky":false,"template":"","format":"standard","meta":{"fifu_image_url":"https:\/\/www.journalducameroun.com\/wp-content\/uploads\/2021\/07\/16267942824371.jpg","fifu_image_alt":"Tabaski: B\u00e9di\u00e9 souhaite une \u00ab\u00a0C\u00f4te d\u2019Ivoire rassembl\u00e9e et r\u00e9concili\u00e9e\u00a0\u00bb","footnotes":""},"categories":[73,82],"tags":[],"class_list":["post-121992","post","type-post","status-publish","format-standard","hentry","category-actualite","category-cameroun"],"_links":{"self":[{"href":"https:\/\/linitiative.ca\/International\/wp-json\/wp\/v2\/posts\/121992","targetHints":{"allow":["GET"]}}],"collection":[{"href":"https:\/\/linitiative.ca\/International\/wp-json\/wp\/v2\/posts"}],"about":[{"href":"https:\/\/linitiative.ca\/International\/wp-json\/wp\/v2\/types\/post"}],"author":[{"embeddable":true,"href":"https:\/\/linitiative.ca\/International\/wp-json\/wp\/v2\/users\/1965"}],"replies":[{"embeddable":true,"href":"https:\/\/linitiative.ca\/International\/wp-json\/wp\/v2\/comments?post=121992"}],"version-history":[{"count":0,"href":"https:\/\/linitiative.ca\/International\/wp-json\/wp\/v2\/posts\/121992\/revisions"}],"wp:attachment":[{"href":"https:\/\/linitiative.ca\/International\/wp-json\/wp\/v2\/media?parent=121992"}],"wp:term":[{"taxonomy":"category","embeddable":true,"href":"https:\/\/linitiative.ca\/International\/wp-json\/wp\/v2\/categories?post=121992"},{"taxonomy":"post_tag","embeddable":true,"href":"https:\/\/linitiative.ca\/International\/wp-json\/wp\/v2\/tags?post=121992"}],"curies":[{"name":"wp","href":"https:\/\/api.w.org\/{rel}","templated":true}]}}