{"id":121998,"date":"2021-07-20T04:47:31","date_gmt":"2021-07-20T08:47:31","guid":{"rendered":"https:\/\/linitiative.ca\/International\/secteur-de-lelectricite-eneo-revendique-des-impayes-de-207-milliards-a-letat\/"},"modified":"2021-07-20T04:47:31","modified_gmt":"2021-07-20T08:47:31","slug":"secteur-de-lelectricite-eneo-revendique-des-impayes-de-207-milliards-a-letat","status":"publish","type":"post","link":"https:\/\/linitiative.ca\/International\/secteur-de-lelectricite-eneo-revendique-des-impayes-de-207-milliards-a-letat\/","title":{"rendered":"Secteur de l\u2019\u00e9lectricit\u00e9 : Eneo revendique des impay\u00e9s de 207 milliards \u00e0 l\u2019Etat"},"content":{"rendered":"<div>\n<p>Avec un objectif projet\u00e9 de 874 milliards de FCFA pour \u00e9lectrifier 9000 localit\u00e9s, le secteur de l\u2019\u00e9lectricit\u00e9 se divise entre le segment de la production (Eneo, Globelecq, Edc), du transport (100% par Sonatrel) et de la distribution (100% par Eneo). L\u2019entreprise Eneo Cameroon concentre 70% de la production de l\u2019\u00e9nergie \u00e9lectrique au Cameroun. Avec plus d\u2019un million de clients (secteur public, entreprises et particuliers), la filiale de Actis peine \u00e0 assurer son service. Celui du recouvrement de ses factures aupr\u00e8s des gros consommateurs. Des cr\u00e9ances de consommation \u00e9lectrique estim\u00e9es \u00e0 environ 207 milliards de FCFA \u00e0 recouvrer aupr\u00e8s de du gouvernement du Cameroun, l\u2019Assembl\u00e9e nationale, les universit\u00e9s, les h\u00f4pitaux, et la Cameroon radio and television (Crtv), ou autres entreprises publiques et priv\u00e9es. Selon des informations obtenues par Ecomatin, le gouvernement camerounais est redevable d\u2019une enveloppe de 163,05 milliards de FCFA \u00e0 Eneo Cameroon S.A.\u00a0<\/p>\n<p><strong>Lire aussi<\/strong> : <strong><a href=\"https:\/\/ecomatin.net\/fourniture-electrique-eneo-revendique-39-298-nouveaux-clients-au-1er-trimestre-2021\/\">Fourniture \u00e9lectrique: Eneo revendique 39 298 nouveaux clients au 1er trimestre 2021<\/a><\/strong><\/p>\n<p>Des \u00e9tablissements publics figurent \u00e9galement parmi les d\u00e9biteurs de l\u2019entreprise de production et de distribution de courant \u00e9lectrique. La dette de l\u2019Etat, celle des universit\u00e9s et des h\u00f4pitaux et administrations assimil\u00e9es s\u2019\u00e9l\u00e8vent, d\u2019apr\u00e8s notre source, \u00e0 1,6 milliard de FCFA de factures impay\u00e9es. Le passif de l\u2019ex-Cde (Camerounaise des eaux) et de l\u2019actuelle Camwater (Cameroon water utilities) affiche quant \u00e0 lui un montant de 10,7 milliards de FCFA : \u00absur 700 millions de FCFA de facture d\u2019\u00e9lectricit\u00e9 en moyenne par mois, la Camwater paie pour 400 millions de FCFA. Elle cumule des restes \u00e0 payer successifs qui deviennent au fur et \u00e0 mesure une dette importante\u00bb, informe la source. Les entreprises Alucam (Aluminium du Cameroun) et Socatral (Soci\u00e9t\u00e9 camerounaise de transformation de l\u2019aluminium) enregistrent respectivement des factures non-r\u00e9gl\u00e9es de l\u2019ordre de 17, 3 milliards de FCFA et 8,7 milliards de FCFA.\u00a0<\/p>\n<p><strong>Fraude<\/strong><\/p>\n<p>La Camtel (Cameroon telecommunications), \u00e9tablissement public industriel et commercial, op\u00e9rateur historique des t\u00e9l\u00e9communications au Cameroun, figure parmi les d\u00e9biteurs d\u2019Eneo\u00a0 avec une dette estim\u00e9e \u00e0 juin 2020 \u00e0 1,9 milliard de FCFA.\u00a0L\u2019Assembl\u00e9e nationale du Cameroun et l\u2019office public de radio et t\u00e9l\u00e9vision, la Crtv, cumulent conjointement des factures impay\u00e9es de 1,6 milliards de FCFA. Alors que la Soci\u00e9t\u00e9 nationale de raffinage (Sonara) et le marketeur des hydrocarbures Tradex S.A tra\u00eenent chacune 8,5 milliards de FCFA et 7,3 milliards de FCFA. Hormis la dette de l\u2019\u00c9tat, des entreprises publiques, parapubliques et priv\u00e9es, les responsables d\u2019Eneo Cameroon affirment avoir des difficult\u00e9s \u00e0 recouvrer les factures issues de la consommation des m\u00e9nages et autres priv\u00e9s desservis \u00e0 travers des lignes basse et moyenne tensions: \u00abces derniers se caract\u00e9risent malheureusement par leur mauvaise foi \u00e0 s\u2019acquitter de leurs factures. Plus de la moiti\u00e9 de cette tranche de clients ne paient pas leur facture provoquant un important manque \u00e0 gagner pour notre entreprise\u00bb, s\u2019indigne un haut cadre d\u2019Eneo Cameroon.\u00a0<\/p>\n<p><strong>Lire aussi<\/strong> : <strong><a href=\"https:\/\/ecomatin.net\/electricite-le-gouvernementt-accuse-eneo-ett-sonatrel-pour-les-delestages\/\">Electricit\u00e9 : le gouvernement accuse Eneo et Sonatrel pour les d\u00e9lestages<\/a><\/strong><\/p>\n<p>Bien qu\u2019on se r\u00e9jouisse de l\u2019engouement autour des achats de compteurs pr\u00e9pay\u00e9s (120.000 compteurs install\u00e9s au 30 juin 2021), Eneo Cameroon d\u00e9plore la persistance de la fraude sur la consommation \u00e9lectrique de la part de ses clients institutionnels ou particuliers : \u00abnous comptons sur les autorit\u00e9s administratives camerounaises pour nous apporter un appui dans la lutte contre ce fl\u00e9au. Nous en appelons \u00e9galement \u00e0 la responsabilit\u00e9 de nos clients sur les dangers d\u2019une telle d\u00e9marche\u00bb, insiste-t-on \u00e0 Eneo. Eneo Cameroon envisage lancer une campagne d\u2019information et de sensibilisation de ses clients sur la m\u00e9thode de facturation. L\u2019entreprise projette par ailleurs proc\u00e9der au recouvrement massif de ses cr\u00e9ances aupr\u00e8s de ses clients r\u00e9calcitrants.<\/p>\n<p><strong>Lire aussi<\/strong> : <strong><a href=\"https:\/\/ecomatin.net\/eneo-regle-sa-dette-de-27-milliardss-de-f-a-gaz-du-cameroun\/\">Eneo r\u00e8gle sa dette de 2,7 milliards de F \u00e0 Gaz du Cameroun<\/a><\/strong><\/p>\n<p>L\u2019article <a rel=\"nofollow\" href=\"https:\/\/ecomatin.net\/secteur-de-lelectricite-eneo-revendique-des-impayes-de-207-milliards-a-letat\/\">Secteur de l\u2019\u00e9lectricit\u00e9 : Eneo revendique des impay\u00e9s de 207 milliards \u00e0 l\u2019Etat<\/a> est apparu en premier sur <a rel=\"nofollow\" href=\"https:\/\/ecomatin.net\/\">EcoMatin<\/a>.<\/p>\n<\/div>\n<p>Auteur: Georges Semey<br \/>\n<a href=\"https:\/\/ecomatin.net\/secteur-de-lelectricite-eneo-revendique-des-impayes-de-207-milliards-a-letat\/\">Cliquez ici pour lire l&rsquo;article depuis sa source.<\/a><\/p>\n","protected":false},"excerpt":{"rendered":"<p>Avec un objectif projet\u00e9 de 874 milliards de FCFA pour \u00e9lectrifier 9000 localit\u00e9s, le secteur de l\u2019\u00e9lectricit\u00e9 se divise entre le segment de la production (Eneo, Globelecq, Edc), du transport (100% par Sonatrel) et de la distribution (100% par Eneo). L\u2019entreprise Eneo Cameroon concentre 70% de la production de l\u2019\u00e9nergie \u00e9lectrique au Cameroun. Avec plus [&hellip;]<\/p>\n","protected":false},"author":1969,"featured_media":0,"comment_status":"closed","ping_status":"closed","sticky":false,"template":"","format":"standard","meta":{"fifu_image_url":"","fifu_image_alt":"","footnotes":""},"categories":[82,78],"tags":[],"class_list":["post-121998","post","type-post","status-publish","format-standard","hentry","category-cameroun","category-economie"],"_links":{"self":[{"href":"https:\/\/linitiative.ca\/International\/wp-json\/wp\/v2\/posts\/121998","targetHints":{"allow":["GET"]}}],"collection":[{"href":"https:\/\/linitiative.ca\/International\/wp-json\/wp\/v2\/posts"}],"about":[{"href":"https:\/\/linitiative.ca\/International\/wp-json\/wp\/v2\/types\/post"}],"author":[{"embeddable":true,"href":"https:\/\/linitiative.ca\/International\/wp-json\/wp\/v2\/users\/1969"}],"replies":[{"embeddable":true,"href":"https:\/\/linitiative.ca\/International\/wp-json\/wp\/v2\/comments?post=121998"}],"version-history":[{"count":0,"href":"https:\/\/linitiative.ca\/International\/wp-json\/wp\/v2\/posts\/121998\/revisions"}],"wp:attachment":[{"href":"https:\/\/linitiative.ca\/International\/wp-json\/wp\/v2\/media?parent=121998"}],"wp:term":[{"taxonomy":"category","embeddable":true,"href":"https:\/\/linitiative.ca\/International\/wp-json\/wp\/v2\/categories?post=121998"},{"taxonomy":"post_tag","embeddable":true,"href":"https:\/\/linitiative.ca\/International\/wp-json\/wp\/v2\/tags?post=121998"}],"curies":[{"name":"wp","href":"https:\/\/api.w.org\/{rel}","templated":true}]}}