{"id":122018,"date":"2021-07-21T07:40:38","date_gmt":"2021-07-21T11:40:38","guid":{"rendered":"https:\/\/linitiative.ca\/International\/aid-al-adha-grace-royale-au-profit-de-761-personnes\/"},"modified":"2021-07-21T07:40:38","modified_gmt":"2021-07-21T11:40:38","slug":"aid-al-adha-grace-royale-au-profit-de-761-personnes","status":"publish","type":"post","link":"https:\/\/linitiative.ca\/International\/aid-al-adha-grace-royale-au-profit-de-761-personnes\/","title":{"rendered":"A\u00efd Al Adha: Gr\u00e2ce Royale au profit de 761 personnes"},"content":{"rendered":"<div>\n<div class=\"field field-name-body field-type-text-with-summary field-label-hidden\">\n<div class=\"field-items\">\n<div class=\"field-item even\" property=\"content:encoded\">\n<p class=\"rtejustify\">Sa Majest\u00e9 le Roi Mohammed VI, que Dieu L&rsquo;assiste, a accord\u00e9 Sa Gr\u00e2ce, \u00e0 l&rsquo;occasion de l&rsquo;A\u00efd Al Adha, \u00e0 761 personnes, dont certaines sont en d\u00e9tention et d&rsquo;autres en libert\u00e9, condamn\u00e9es par diff\u00e9rents tribunaux du Royaume, indique un communiqu\u00e9 du minist\u00e8re de la Justice. Voici le texte du communiqu\u00e9 :<\/p>\n<\/div>\n<\/div>\n<\/div>\n<\/div>\n<p>Auteur: mbasraoui<br \/>\n<a href=\"https:\/\/www.leconomiste.com\/flash-infos\/aid-al-adha-grace-royale-au-profit-de-761-personnes\">Cliquez ici pour lire l&rsquo;article depuis sa source.<\/a><\/p>\n","protected":false},"excerpt":{"rendered":"<p>Sa Majest\u00e9 le Roi Mohammed VI, que Dieu L&rsquo;assiste, a accord\u00e9 Sa Gr\u00e2ce, \u00e0 l&rsquo;occasion de l&rsquo;A\u00efd Al Adha, \u00e0 761 personnes, dont certaines sont en d\u00e9tention et d&rsquo;autres en libert\u00e9, condamn\u00e9es par diff\u00e9rents tribunaux du Royaume, indique un communiqu\u00e9 du minist\u00e8re de la Justice. Voici le texte du communiqu\u00e9 : Auteur: mbasraoui Cliquez ici [&hellip;]<\/p>\n","protected":false},"author":1763,"featured_media":0,"comment_status":"closed","ping_status":"closed","sticky":false,"template":"","format":"standard","meta":{"fifu_image_url":"","fifu_image_alt":"","footnotes":""},"categories":[78,54],"tags":[],"class_list":["post-122018","post","type-post","status-publish","format-standard","hentry","category-economie","category-maroc"],"_links":{"self":[{"href":"https:\/\/linitiative.ca\/International\/wp-json\/wp\/v2\/posts\/122018","targetHints":{"allow":["GET"]}}],"collection":[{"href":"https:\/\/linitiative.ca\/International\/wp-json\/wp\/v2\/posts"}],"about":[{"href":"https:\/\/linitiative.ca\/International\/wp-json\/wp\/v2\/types\/post"}],"author":[{"embeddable":true,"href":"https:\/\/linitiative.ca\/International\/wp-json\/wp\/v2\/users\/1763"}],"replies":[{"embeddable":true,"href":"https:\/\/linitiative.ca\/International\/wp-json\/wp\/v2\/comments?post=122018"}],"version-history":[{"count":0,"href":"https:\/\/linitiative.ca\/International\/wp-json\/wp\/v2\/posts\/122018\/revisions"}],"wp:attachment":[{"href":"https:\/\/linitiative.ca\/International\/wp-json\/wp\/v2\/media?parent=122018"}],"wp:term":[{"taxonomy":"category","embeddable":true,"href":"https:\/\/linitiative.ca\/International\/wp-json\/wp\/v2\/categories?post=122018"},{"taxonomy":"post_tag","embeddable":true,"href":"https:\/\/linitiative.ca\/International\/wp-json\/wp\/v2\/tags?post=122018"}],"curies":[{"name":"wp","href":"https:\/\/api.w.org\/{rel}","templated":true}]}}