{"id":122019,"date":"2021-07-21T07:44:52","date_gmt":"2021-07-21T11:44:52","guid":{"rendered":"https:\/\/linitiative.ca\/International\/onda-plus-de-24-millions-de-passagers-au-s1-2021\/"},"modified":"2021-07-21T07:44:52","modified_gmt":"2021-07-21T11:44:52","slug":"onda-plus-de-24-millions-de-passagers-au-s1-2021","status":"publish","type":"post","link":"https:\/\/linitiative.ca\/International\/onda-plus-de-24-millions-de-passagers-au-s1-2021\/","title":{"rendered":"ONDA: Plus de 2,4 millions de passagers au S1-2021"},"content":{"rendered":"<div>\n<div class=\"field field-name-body field-type-text-with-summary field-label-hidden\">\n<div class=\"field-items\">\n<div class=\"field-item even\" property=\"content:encoded\">\n<p class=\"rtejustify\">Les a\u00e9roports du Royaume ont enregistr\u00e9 un volume de trafic commercial passager de 2.473.988 passagers durant le premier semestre 2021, contre 11.669.548 passagers au cours de la m\u00eame p\u00e9riode de l&rsquo;ann\u00e9e 2019, soit une baisse de l&rsquo;ordre de 78,8%, selon l&rsquo;Office national des A\u00e9roports (ONDA).<\/p>\n<\/div>\n<\/div>\n<\/div>\n<\/div>\n<p>Auteur: mbasraoui<br \/>\n<a href=\"https:\/\/www.leconomiste.com\/flash-infos\/onda-plus-de-2-4-millions-de-passagers-au-s1-2021\">Cliquez ici pour lire l&rsquo;article depuis sa source.<\/a><\/p>\n","protected":false},"excerpt":{"rendered":"<p>Les a\u00e9roports du Royaume ont enregistr\u00e9 un volume de trafic commercial passager de 2.473.988 passagers durant le premier semestre 2021, contre 11.669.548 passagers au cours de la m\u00eame p\u00e9riode de l&rsquo;ann\u00e9e 2019, soit une baisse de l&rsquo;ordre de 78,8%, selon l&rsquo;Office national des A\u00e9roports (ONDA). Auteur: mbasraoui Cliquez ici pour lire l&rsquo;article depuis sa source.<\/p>\n","protected":false},"author":1763,"featured_media":0,"comment_status":"closed","ping_status":"closed","sticky":false,"template":"","format":"standard","meta":{"fifu_image_url":"","fifu_image_alt":"","footnotes":""},"categories":[78,54],"tags":[],"class_list":["post-122019","post","type-post","status-publish","format-standard","hentry","category-economie","category-maroc"],"_links":{"self":[{"href":"https:\/\/linitiative.ca\/International\/wp-json\/wp\/v2\/posts\/122019","targetHints":{"allow":["GET"]}}],"collection":[{"href":"https:\/\/linitiative.ca\/International\/wp-json\/wp\/v2\/posts"}],"about":[{"href":"https:\/\/linitiative.ca\/International\/wp-json\/wp\/v2\/types\/post"}],"author":[{"embeddable":true,"href":"https:\/\/linitiative.ca\/International\/wp-json\/wp\/v2\/users\/1763"}],"replies":[{"embeddable":true,"href":"https:\/\/linitiative.ca\/International\/wp-json\/wp\/v2\/comments?post=122019"}],"version-history":[{"count":0,"href":"https:\/\/linitiative.ca\/International\/wp-json\/wp\/v2\/posts\/122019\/revisions"}],"wp:attachment":[{"href":"https:\/\/linitiative.ca\/International\/wp-json\/wp\/v2\/media?parent=122019"}],"wp:term":[{"taxonomy":"category","embeddable":true,"href":"https:\/\/linitiative.ca\/International\/wp-json\/wp\/v2\/categories?post=122019"},{"taxonomy":"post_tag","embeddable":true,"href":"https:\/\/linitiative.ca\/International\/wp-json\/wp\/v2\/tags?post=122019"}],"curies":[{"name":"wp","href":"https:\/\/api.w.org\/{rel}","templated":true}]}}