{"id":122020,"date":"2021-07-21T07:46:48","date_gmt":"2021-07-21T11:46:48","guid":{"rendered":"https:\/\/linitiative.ca\/International\/%e2%80%8baid-al-adha-desequilibre-de-la-distribution-en-eau-potable-a-sidi-bettach\/"},"modified":"2021-07-21T07:46:48","modified_gmt":"2021-07-21T11:46:48","slug":"%e2%80%8baid-al-adha-desequilibre-de-la-distribution-en-eau-potable-a-sidi-bettach","status":"publish","type":"post","link":"https:\/\/linitiative.ca\/International\/%e2%80%8baid-al-adha-desequilibre-de-la-distribution-en-eau-potable-a-sidi-bettach\/","title":{"rendered":"\u200bAid Al-Adha: d\u00e9s\u00e9quilibre de la distribution en eau potable \u00e0 Sidi Bettach"},"content":{"rendered":"<div>\n<div class=\"field field-name-body field-type-text-with-summary field-label-hidden\">\n<div class=\"field-items\">\n<div class=\"field-item even\" property=\"content:encoded\">\n<p class=\"rtejustify\">L\u2019Office national de l\u2019\u00e9lectricit\u00e9 et de l\u2019eau potable (ONEE) a indiqu\u00e9, mardi, que compte tenu de la forte demande en eau potable en \u00e9t\u00e9 notamment durant la p\u00e9riode de Aid Al-Adha, un d\u00e9s\u00e9quilibre de la distribution pourrait \u00eatre observ\u00e9 au niveau du centre de Sidi Bettach dans la province de Benslimane.<\/p>\n<\/div>\n<\/div>\n<\/div>\n<\/div>\n<p>Auteur: mbasraoui<br \/>\n<a href=\"https:\/\/www.leconomiste.com\/flash-infos\/aid-al-adha-desequilibre-de-la-distribution-en-eau-potable-sidi-bettach\">Cliquez ici pour lire l&rsquo;article depuis sa source.<\/a><\/p>\n","protected":false},"excerpt":{"rendered":"<p>L\u2019Office national de l\u2019\u00e9lectricit\u00e9 et de l\u2019eau potable (ONEE) a indiqu\u00e9, mardi, que compte tenu de la forte demande en eau potable en \u00e9t\u00e9 notamment durant la p\u00e9riode de Aid Al-Adha, un d\u00e9s\u00e9quilibre de la distribution pourrait \u00eatre observ\u00e9 au niveau du centre de Sidi Bettach dans la province de Benslimane. Auteur: mbasraoui Cliquez ici [&hellip;]<\/p>\n","protected":false},"author":1763,"featured_media":0,"comment_status":"closed","ping_status":"closed","sticky":false,"template":"","format":"standard","meta":{"fifu_image_url":"","fifu_image_alt":"","footnotes":""},"categories":[78,54],"tags":[],"class_list":["post-122020","post","type-post","status-publish","format-standard","hentry","category-economie","category-maroc"],"_links":{"self":[{"href":"https:\/\/linitiative.ca\/International\/wp-json\/wp\/v2\/posts\/122020","targetHints":{"allow":["GET"]}}],"collection":[{"href":"https:\/\/linitiative.ca\/International\/wp-json\/wp\/v2\/posts"}],"about":[{"href":"https:\/\/linitiative.ca\/International\/wp-json\/wp\/v2\/types\/post"}],"author":[{"embeddable":true,"href":"https:\/\/linitiative.ca\/International\/wp-json\/wp\/v2\/users\/1763"}],"replies":[{"embeddable":true,"href":"https:\/\/linitiative.ca\/International\/wp-json\/wp\/v2\/comments?post=122020"}],"version-history":[{"count":0,"href":"https:\/\/linitiative.ca\/International\/wp-json\/wp\/v2\/posts\/122020\/revisions"}],"wp:attachment":[{"href":"https:\/\/linitiative.ca\/International\/wp-json\/wp\/v2\/media?parent=122020"}],"wp:term":[{"taxonomy":"category","embeddable":true,"href":"https:\/\/linitiative.ca\/International\/wp-json\/wp\/v2\/categories?post=122020"},{"taxonomy":"post_tag","embeddable":true,"href":"https:\/\/linitiative.ca\/International\/wp-json\/wp\/v2\/tags?post=122020"}],"curies":[{"name":"wp","href":"https:\/\/api.w.org\/{rel}","templated":true}]}}