{"id":122024,"date":"2021-07-21T05:45:00","date_gmt":"2021-07-21T09:45:00","guid":{"rendered":"https:\/\/linitiative.ca\/International\/ce-que-aissa-mandi-recherchait-en-signant-a-villarreal\/"},"modified":"2021-07-21T05:45:00","modified_gmt":"2021-07-21T09:45:00","slug":"ce-que-aissa-mandi-recherchait-en-signant-a-villarreal","status":"publish","type":"post","link":"https:\/\/linitiative.ca\/International\/ce-que-aissa-mandi-recherchait-en-signant-a-villarreal\/","title":{"rendered":"Ce que Aissa Mandi recherchait en signant \u00e0 Villarreal"},"content":{"rendered":"<div>Libre de tout contra cet \u00e9t\u00e9, Aissa Mandi a d\u00e9cid\u00e9 de rejoindre les rangs de Villarreal<img loading=\"lazy\" decoding=\"async\" src=\"http:\/\/feeds.feedburner.com\/~r\/GalerieFArtciles\/~4\/B7euG5E1qNo\" height=\"1\" width=\"1\" alt=\"\"><\/div>\n<p>Auteur:<br \/>\n<a href=\"http:\/\/www.lebuteur.com\/article\/detail?titre=ce-que-aissa-mandi-recherchait-en-signant-a-villarreal&#038;id=100670&#038;utm_source=feedburner&#038;utm_medium=feed&#038;utm_campaign=Feed%3A+GalerieFArtciles+%28Les+derniers+articles++-+lebuteur.com%29\">Cliquez ici pour lire l&rsquo;article depuis sa source.<\/a><\/p>\n","protected":false},"excerpt":{"rendered":"<p>Libre de tout contra cet \u00e9t\u00e9, Aissa Mandi a d\u00e9cid\u00e9 de rejoindre les rangs de Villarreal Auteur: Cliquez ici pour lire l&rsquo;article depuis sa source.<\/p>\n","protected":false},"author":1738,"featured_media":0,"comment_status":"closed","ping_status":"closed","sticky":false,"template":"","format":"standard","meta":{"fifu_image_url":"http:\/\/feeds.feedburner.com\/~r\/GalerieFArtciles\/~4\/B7euG5E1qNo","fifu_image_alt":"Ce que Aissa Mandi recherchait en signant \u00e0 Villarreal","footnotes":""},"categories":[53,75],"tags":[],"class_list":["post-122024","post","type-post","status-publish","format-standard","hentry","category-algerie","category-sport"],"_links":{"self":[{"href":"https:\/\/linitiative.ca\/International\/wp-json\/wp\/v2\/posts\/122024","targetHints":{"allow":["GET"]}}],"collection":[{"href":"https:\/\/linitiative.ca\/International\/wp-json\/wp\/v2\/posts"}],"about":[{"href":"https:\/\/linitiative.ca\/International\/wp-json\/wp\/v2\/types\/post"}],"author":[{"embeddable":true,"href":"https:\/\/linitiative.ca\/International\/wp-json\/wp\/v2\/users\/1738"}],"replies":[{"embeddable":true,"href":"https:\/\/linitiative.ca\/International\/wp-json\/wp\/v2\/comments?post=122024"}],"version-history":[{"count":0,"href":"https:\/\/linitiative.ca\/International\/wp-json\/wp\/v2\/posts\/122024\/revisions"}],"wp:attachment":[{"href":"https:\/\/linitiative.ca\/International\/wp-json\/wp\/v2\/media?parent=122024"}],"wp:term":[{"taxonomy":"category","embeddable":true,"href":"https:\/\/linitiative.ca\/International\/wp-json\/wp\/v2\/categories?post=122024"},{"taxonomy":"post_tag","embeddable":true,"href":"https:\/\/linitiative.ca\/International\/wp-json\/wp\/v2\/tags?post=122024"}],"curies":[{"name":"wp","href":"https:\/\/api.w.org\/{rel}","templated":true}]}}