{"id":122027,"date":"2021-07-21T06:09:00","date_gmt":"2021-07-21T10:09:00","guid":{"rendered":"https:\/\/linitiative.ca\/International\/mohamed-ibrahim-hsairi-du-role-de-lalgerie-nouvelle-de-tebboune-dans-son-voisinage\/"},"modified":"2021-07-21T06:09:00","modified_gmt":"2021-07-21T10:09:00","slug":"mohamed-ibrahim-hsairi-du-role-de-lalgerie-nouvelle-de-tebboune-dans-son-voisinage","status":"publish","type":"post","link":"https:\/\/linitiative.ca\/International\/mohamed-ibrahim-hsairi-du-role-de-lalgerie-nouvelle-de-tebboune-dans-son-voisinage\/","title":{"rendered":"Mohamed Ibrahim Hsairi: Du r\u00f4le de l\u2019Alg\u00e9rie nouvelle de Tebboune dans son voisinage"},"content":{"rendered":"<div><img decoding=\"async\" src=\"https:\/\/linitiative.ca\/International\/wp-content\/uploads\/sites\/23\/2021\/07\/1626859546_article.jpg\" alt=\"Mohamed Ibrahim Hsairi: Du r\u00f4le de l\u2019Alg\u00e9rie nouvelle de Tebboune dans son voisinage\" align=\"left\">A peine quelques jours avant les \u00e9lections l\u00e9gislatives anticip\u00e9es du samedi 12 juin 2021, le pr\u00e9sident alg\u00e9rien Abdelmadjid Tebboune a, successivement, fait deux sorties m\u00e9diatiques fortement remarqu\u00e9es : la premi\u00e8re en accordant une interview \u00e0 l\u2019hebdomadaire fran\u00e7ais Le Point (publi\u00e9e le 3 juin 2021), et la seconde, en accordant une autre \u00e0 la cha\u00eene de t\u00e9l\u00e9vision qatarie Al Jazeera (diffus\u00e9e le 8 juin 2021).<br \/>\nDans l\u2019une et l\u2019autre des deux interviews, il a \u00e9voqu\u00e9 plusieurs questions nationales et r\u00e9gionales, avec une \u00abfranchise rare\u00bb et sans \u00e9luder \u00abaucun sujet\u00bb, a, notamment, soulign\u00e9 Le Point.<br \/>\nParmi ses d\u00e9clarations qui ont particuli\u00e8rement retenu &#8230;<\/p>\n<\/div>\n<p>Auteur:<br \/>\n<a href=\"https:\/\/www.leaders.com.tn\/article\/32175-mohamed-ibrahim-hsairi-du-role-de-l-algerie-nouvelle-de-tebboune-dans-son-voisinage\">Cliquez ici pour lire l&rsquo;article depuis sa source.<\/a><\/p>\n","protected":false},"excerpt":{"rendered":"<p>A peine quelques jours avant les \u00e9lections l\u00e9gislatives anticip\u00e9es du samedi 12 juin 2021, le pr\u00e9sident alg\u00e9rien Abdelmadjid Tebboune a, successivement, fait deux sorties m\u00e9diatiques fortement remarqu\u00e9es : la premi\u00e8re en accordant une interview \u00e0 l\u2019hebdomadaire fran\u00e7ais Le Point (publi\u00e9e le 3 juin 2021), et la seconde, en accordant une autre \u00e0 la cha\u00eene de [&hellip;]<\/p>\n","protected":false},"author":1772,"featured_media":0,"comment_status":"closed","ping_status":"closed","sticky":false,"template":"","format":"standard","meta":{"fifu_image_url":"http:\/\/www.leaders.com.tn\/uploads\/content\/thumbnails_small\/1626859546_article.jpg","fifu_image_alt":"Mohamed Ibrahim Hsairi: Du r\u00f4le de l\u2019Alg\u00e9rie nouvelle de Tebboune dans son voisinage","footnotes":""},"categories":[73,55],"tags":[],"class_list":["post-122027","post","type-post","status-publish","format-standard","hentry","category-actualite","category-tunisie"],"_links":{"self":[{"href":"https:\/\/linitiative.ca\/International\/wp-json\/wp\/v2\/posts\/122027","targetHints":{"allow":["GET"]}}],"collection":[{"href":"https:\/\/linitiative.ca\/International\/wp-json\/wp\/v2\/posts"}],"about":[{"href":"https:\/\/linitiative.ca\/International\/wp-json\/wp\/v2\/types\/post"}],"author":[{"embeddable":true,"href":"https:\/\/linitiative.ca\/International\/wp-json\/wp\/v2\/users\/1772"}],"replies":[{"embeddable":true,"href":"https:\/\/linitiative.ca\/International\/wp-json\/wp\/v2\/comments?post=122027"}],"version-history":[{"count":0,"href":"https:\/\/linitiative.ca\/International\/wp-json\/wp\/v2\/posts\/122027\/revisions"}],"wp:attachment":[{"href":"https:\/\/linitiative.ca\/International\/wp-json\/wp\/v2\/media?parent=122027"}],"wp:term":[{"taxonomy":"category","embeddable":true,"href":"https:\/\/linitiative.ca\/International\/wp-json\/wp\/v2\/categories?post=122027"},{"taxonomy":"post_tag","embeddable":true,"href":"https:\/\/linitiative.ca\/International\/wp-json\/wp\/v2\/tags?post=122027"}],"curies":[{"name":"wp","href":"https:\/\/api.w.org\/{rel}","templated":true}]}}