{"id":122029,"date":"2021-07-21T09:34:00","date_gmt":"2021-07-21T13:34:00","guid":{"rendered":"https:\/\/linitiative.ca\/International\/abdellatif-ghorbal-debout-les-patriotes-avec-abir-ya-houmatal-himaa\/"},"modified":"2021-07-21T09:34:00","modified_gmt":"2021-07-21T13:34:00","slug":"abdellatif-ghorbal-debout-les-patriotes-avec-abir-ya-houmatal-himaa","status":"publish","type":"post","link":"https:\/\/linitiative.ca\/International\/abdellatif-ghorbal-debout-les-patriotes-avec-abir-ya-houmatal-himaa\/","title":{"rendered":"Abdellatif Ghorbal: Debout les patriotes !Avec Abir, ya Houmatal &#8211; Himaa!"},"content":{"rendered":"<div><img decoding=\"async\" src=\"https:\/\/linitiative.ca\/International\/wp-content\/uploads\/sites\/23\/2021\/07\/1626871921_article.jpg\" alt=\"Abdellatif Ghorbal: Debout les patriotes ! Agissons avec Abir, ya Houmatal - Himaa!\" align=\"left\">De curieux comptes \u00ab\u00a0facebook\u00a0\u00bb s&rsquo;activent depuis quelques jours pour appeler les Tunisiens \u00e0 descendre dans la rue le 25 juillet pour chasser les Nahdhaouis du pouvoir. Rien de moins !<br \/>\nHormis leur cri de ralliement qui se veut mobilisateur &#8211; \u00ab\u00a0Non aux indemnisations des Nahdhaouis\u00a0\u00bb -, rien ne permet de les identifier, ni de percevoir leur vrai dessein.<br \/>\nS&rsquo;appuyant sur d&rsquo;innombrables pages sponsoris\u00e9es, activ\u00e9es au signal d&rsquo;une myst\u00e9rieuse \u00ab\u00a0main invisible\u00a0\u00bb, ils deviennent suspects. Sans justification cr\u00e9dible, sans objectifs affich\u00e9s, sans mode d&rsquo;action responsable, ils ne peuvent rassurer. Leur argumentaire &#8211; \u00a0\u00bb Tous dans le m\u00eame sac (Ennahdha, PDL, Abir, tous les partis politiques), &#8230;<\/p>\n<\/div>\n<p>Auteur:<br \/>\n<a href=\"https:\/\/www.leaders.com.tn\/article\/32176-abdellatif-ghorbal-debout-les-patriotes-agissons-avec-abir-ya-houmatal-himaa\">Cliquez ici pour lire l&rsquo;article depuis sa source.<\/a><\/p>\n","protected":false},"excerpt":{"rendered":"<p>De curieux comptes \u00ab\u00a0facebook\u00a0\u00bb s&rsquo;activent depuis quelques jours pour appeler les Tunisiens \u00e0 descendre dans la rue le 25 juillet pour chasser les Nahdhaouis du pouvoir. Rien de moins ! Hormis leur cri de ralliement qui se veut mobilisateur &#8211; \u00ab\u00a0Non aux indemnisations des Nahdhaouis\u00a0\u00bb -, rien ne permet de les identifier, ni de percevoir [&hellip;]<\/p>\n","protected":false},"author":1772,"featured_media":0,"comment_status":"closed","ping_status":"closed","sticky":false,"template":"","format":"standard","meta":{"fifu_image_url":"http:\/\/www.leaders.com.tn\/uploads\/content\/thumbnails_small\/1626871921_article.jpg","fifu_image_alt":"Abdellatif Ghorbal: Debout les patriotes !Avec Abir, ya Houmatal - Himaa!","footnotes":""},"categories":[73,55],"tags":[],"class_list":["post-122029","post","type-post","status-publish","format-standard","hentry","category-actualite","category-tunisie"],"_links":{"self":[{"href":"https:\/\/linitiative.ca\/International\/wp-json\/wp\/v2\/posts\/122029","targetHints":{"allow":["GET"]}}],"collection":[{"href":"https:\/\/linitiative.ca\/International\/wp-json\/wp\/v2\/posts"}],"about":[{"href":"https:\/\/linitiative.ca\/International\/wp-json\/wp\/v2\/types\/post"}],"author":[{"embeddable":true,"href":"https:\/\/linitiative.ca\/International\/wp-json\/wp\/v2\/users\/1772"}],"replies":[{"embeddable":true,"href":"https:\/\/linitiative.ca\/International\/wp-json\/wp\/v2\/comments?post=122029"}],"version-history":[{"count":0,"href":"https:\/\/linitiative.ca\/International\/wp-json\/wp\/v2\/posts\/122029\/revisions"}],"wp:attachment":[{"href":"https:\/\/linitiative.ca\/International\/wp-json\/wp\/v2\/media?parent=122029"}],"wp:term":[{"taxonomy":"category","embeddable":true,"href":"https:\/\/linitiative.ca\/International\/wp-json\/wp\/v2\/categories?post=122029"},{"taxonomy":"post_tag","embeddable":true,"href":"https:\/\/linitiative.ca\/International\/wp-json\/wp\/v2\/tags?post=122029"}],"curies":[{"name":"wp","href":"https:\/\/api.w.org\/{rel}","templated":true}]}}