{"id":122035,"date":"2021-07-21T13:11:56","date_gmt":"2021-07-21T17:11:56","guid":{"rendered":"https:\/\/linitiative.ca\/International\/le-parquet-general-ordonne-au-procureur-general-du-roi-aupres-de-la-cour-dappel-de-rabat-douvrir-une-enquete-concernant-les-allegations-emises-par-des-journaux-etrangers\/"},"modified":"2021-07-21T13:11:56","modified_gmt":"2021-07-21T17:11:56","slug":"le-parquet-general-ordonne-au-procureur-general-du-roi-aupres-de-la-cour-dappel-de-rabat-douvrir-une-enquete-concernant-les-allegations-emises-par-des-journaux-etrangers","status":"publish","type":"post","link":"https:\/\/linitiative.ca\/International\/le-parquet-general-ordonne-au-procureur-general-du-roi-aupres-de-la-cour-dappel-de-rabat-douvrir-une-enquete-concernant-les-allegations-emises-par-des-journaux-etrangers\/","title":{"rendered":"Le parquet g\u00e9n\u00e9ral ordonne au procureur g\u00e9n\u00e9ral du roi aupr\u00e8s de la Cour d\u2019appel de Rabat d\u2019ouvrir une enqu\u00eate concernant  les all\u00e9gations \u00e9mises par des journaux \u00e9trangers."},"content":{"rendered":"<div><img decoding=\"async\" width=\"1324\" height=\"715\" src=\"https:\/\/www.challenge.ma\/wp-content\/uploads\/2021\/07\/presidence-ministere-public.jpg\" class=\"attachment-post-thumbnail size-post-thumbnail wp-post-image\" alt=\"\" loading=\"lazy\" srcset=\"https:\/\/www.challenge.ma\/wp-content\/uploads\/2021\/07\/presidence-ministere-public.jpg 1324w, https:\/\/www.challenge.ma\/wp-content\/uploads\/2021\/07\/presidence-ministere-public-300x162.jpg 300w, https:\/\/www.challenge.ma\/wp-content\/uploads\/2021\/07\/presidence-ministere-public-1024x553.jpg 1024w, https:\/\/www.challenge.ma\/wp-content\/uploads\/2021\/07\/presidence-ministere-public-768x415.jpg 768w, https:\/\/www.challenge.ma\/wp-content\/uploads\/2021\/07\/presidence-ministere-public-360x194.jpg 360w, https:\/\/www.challenge.ma\/wp-content\/uploads\/2021\/07\/presidence-ministere-public-750x405.jpg 750w\" sizes=\"auto, (max-width: 1324px) 100vw, 1324px\" itemprop=\"image\">Rabat \u2013 La Pr\u00e9sidence du minist\u00e8re public a donn\u00e9 ce mercredi des instructions au Procureur g\u00e9n\u00e9ral du Roi pr\u00e8s de la Cour d\u2019appel de Rabat pour ouvrir une enqu\u00eate judiciaire sur les fausses all\u00e9gations et accusations contenues dans des articles de presse publi\u00e9s par des journaux \u00e9trangers, accusant le autorit\u00e9s<\/div>\n<p>Auteur: challenge<br \/>\n<a href=\"https:\/\/www.challenge.ma\/le-parquet-general-ordonne-au-procureur-general-du-roi-aupres-de-la-cour-dappel-de-rabat-douvrir-une-enquete-concernant-allegations-emises-par-des-journaux-etrangers-193391\/\">Cliquez ici pour lire l&rsquo;article depuis sa source.<\/a><\/p>\n","protected":false},"excerpt":{"rendered":"<p>Rabat \u2013 La Pr\u00e9sidence du minist\u00e8re public a donn\u00e9 ce mercredi des instructions au Procureur g\u00e9n\u00e9ral du Roi pr\u00e8s de la Cour d\u2019appel de Rabat pour ouvrir une enqu\u00eate judiciaire sur les fausses all\u00e9gations et accusations contenues dans des articles de presse publi\u00e9s par des journaux \u00e9trangers, accusant le autorit\u00e9s Auteur: challenge Cliquez ici pour [&hellip;]<\/p>\n","protected":false},"author":1787,"featured_media":0,"comment_status":"closed","ping_status":"closed","sticky":false,"template":"","format":"standard","meta":{"fifu_image_url":"https:\/\/www.challenge.ma\/wp-content\/uploads\/2021\/07\/presidence-ministere-public.jpg","fifu_image_alt":"Le parquet g\u00e9n\u00e9ral ordonne au procureur g\u00e9n\u00e9ral du roi aupr\u00e8s de la Cour d\u2019appel de Rabat d\u2019ouvrir une enqu\u00eate concernant  les all\u00e9gations \u00e9mises par des journaux \u00e9trangers.","footnotes":""},"categories":[78,54],"tags":[],"class_list":["post-122035","post","type-post","status-publish","format-standard","hentry","category-economie","category-maroc"],"_links":{"self":[{"href":"https:\/\/linitiative.ca\/International\/wp-json\/wp\/v2\/posts\/122035","targetHints":{"allow":["GET"]}}],"collection":[{"href":"https:\/\/linitiative.ca\/International\/wp-json\/wp\/v2\/posts"}],"about":[{"href":"https:\/\/linitiative.ca\/International\/wp-json\/wp\/v2\/types\/post"}],"author":[{"embeddable":true,"href":"https:\/\/linitiative.ca\/International\/wp-json\/wp\/v2\/users\/1787"}],"replies":[{"embeddable":true,"href":"https:\/\/linitiative.ca\/International\/wp-json\/wp\/v2\/comments?post=122035"}],"version-history":[{"count":0,"href":"https:\/\/linitiative.ca\/International\/wp-json\/wp\/v2\/posts\/122035\/revisions"}],"wp:attachment":[{"href":"https:\/\/linitiative.ca\/International\/wp-json\/wp\/v2\/media?parent=122035"}],"wp:term":[{"taxonomy":"category","embeddable":true,"href":"https:\/\/linitiative.ca\/International\/wp-json\/wp\/v2\/categories?post=122035"},{"taxonomy":"post_tag","embeddable":true,"href":"https:\/\/linitiative.ca\/International\/wp-json\/wp\/v2\/tags?post=122035"}],"curies":[{"name":"wp","href":"https:\/\/api.w.org\/{rel}","templated":true}]}}