{"id":122036,"date":"2021-07-21T14:04:44","date_gmt":"2021-07-21T18:04:44","guid":{"rendered":"https:\/\/linitiative.ca\/International\/a-lire-si-vous-ne-savez-pas-quoi-penser-des-vaccins-covid19\/"},"modified":"2021-07-21T14:04:44","modified_gmt":"2021-07-21T18:04:44","slug":"a-lire-si-vous-ne-savez-pas-quoi-penser-des-vaccins-covid19","status":"publish","type":"post","link":"https:\/\/linitiative.ca\/International\/a-lire-si-vous-ne-savez-pas-quoi-penser-des-vaccins-covid19\/","title":{"rendered":"\u00c0 lire si vous ne savez pas quoi penser des vaccins COVID19"},"content":{"rendered":"<div><img decoding=\"async\" width=\"465\" height=\"310\" src=\"https:\/\/linitiative.ca\/International\/wp-content\/uploads\/sites\/23\/2021\/07\/vacccin.jpg\" class=\"attachment-post-thumbnail size-post-thumbnail wp-post-image\" alt=\"\" loading=\"lazy\" srcset=\"https:\/\/linitiative.ca\/International\/wp-content\/uploads\/sites\/23\/2021\/07\/vacccin.jpg 465w, https:\/\/www.challenge.ma\/wp-content\/uploads\/2021\/07\/vacccin-300x200.jpg 300w, https:\/\/www.challenge.ma\/wp-content\/uploads\/2021\/07\/vacccin-360x240.jpg 360w\" sizes=\"auto, (max-width: 465px) 100vw, 465px\" itemprop=\"image\">Vous avez des questionnements sur les vaccins? Leurs efficacit\u00e9s? Leurs effets? Sur les diff\u00e9rents processus autour de la cr\u00e9ation du vaccin? Nous avons d\u00e9nich\u00e9 cet article partag\u00e9 sur les r\u00e9seaux sociaux et nous aimerions le partager avec nos lecteurs afin de r\u00e9pondre \u00e0 vos diff\u00e9rentes questions. Il s\u2019agit d\u2019un papier<\/div>\n<p>Auteur: challenge<br \/>\n<a href=\"https:\/\/www.challenge.ma\/a-lire-si-vous-ne-savez-pas-quoi-penser-des-vaccins-covid19-193407\/\">Cliquez ici pour lire l&rsquo;article depuis sa source.<\/a><\/p>\n","protected":false},"excerpt":{"rendered":"<p>Vous avez des questionnements sur les vaccins? Leurs efficacit\u00e9s? Leurs effets? Sur les diff\u00e9rents processus autour de la cr\u00e9ation du vaccin? Nous avons d\u00e9nich\u00e9 cet article partag\u00e9 sur les r\u00e9seaux sociaux et nous aimerions le partager avec nos lecteurs afin de r\u00e9pondre \u00e0 vos diff\u00e9rentes questions. Il s\u2019agit d\u2019un papier Auteur: challenge Cliquez ici pour [&hellip;]<\/p>\n","protected":false},"author":1787,"featured_media":0,"comment_status":"closed","ping_status":"closed","sticky":false,"template":"","format":"standard","meta":{"fifu_image_url":"https:\/\/www.challenge.ma\/wp-content\/uploads\/2021\/07\/vacccin.jpg","fifu_image_alt":"\u00c0 lire si vous ne savez pas quoi penser des vaccins COVID19","footnotes":""},"categories":[78,54],"tags":[],"class_list":["post-122036","post","type-post","status-publish","format-standard","hentry","category-economie","category-maroc"],"_links":{"self":[{"href":"https:\/\/linitiative.ca\/International\/wp-json\/wp\/v2\/posts\/122036","targetHints":{"allow":["GET"]}}],"collection":[{"href":"https:\/\/linitiative.ca\/International\/wp-json\/wp\/v2\/posts"}],"about":[{"href":"https:\/\/linitiative.ca\/International\/wp-json\/wp\/v2\/types\/post"}],"author":[{"embeddable":true,"href":"https:\/\/linitiative.ca\/International\/wp-json\/wp\/v2\/users\/1787"}],"replies":[{"embeddable":true,"href":"https:\/\/linitiative.ca\/International\/wp-json\/wp\/v2\/comments?post=122036"}],"version-history":[{"count":0,"href":"https:\/\/linitiative.ca\/International\/wp-json\/wp\/v2\/posts\/122036\/revisions"}],"wp:attachment":[{"href":"https:\/\/linitiative.ca\/International\/wp-json\/wp\/v2\/media?parent=122036"}],"wp:term":[{"taxonomy":"category","embeddable":true,"href":"https:\/\/linitiative.ca\/International\/wp-json\/wp\/v2\/categories?post=122036"},{"taxonomy":"post_tag","embeddable":true,"href":"https:\/\/linitiative.ca\/International\/wp-json\/wp\/v2\/tags?post=122036"}],"curies":[{"name":"wp","href":"https:\/\/api.w.org\/{rel}","templated":true}]}}