{"id":122038,"date":"2021-07-21T16:09:18","date_gmt":"2021-07-21T20:09:18","guid":{"rendered":"https:\/\/linitiative.ca\/International\/tunisie-etat-de-sante-de-rached-ghannouchi\/"},"modified":"2021-07-21T16:09:18","modified_gmt":"2021-07-21T20:09:18","slug":"tunisie-etat-de-sante-de-rached-ghannouchi","status":"publish","type":"post","link":"https:\/\/linitiative.ca\/International\/tunisie-etat-de-sante-de-rached-ghannouchi\/","title":{"rendered":"Tunisie: Etat de sant\u00e9 de Rached Ghannouchi"},"content":{"rendered":"<div>\n<p>Le pr\u00e9sident de l\u2019ARP, Rached Ghannouchi a quitt\u00e9 ce soir, mercredi 21 juillet 2021, l\u2019h\u00f4pital militaire, apr\u00e8s avoir re\u00e7u les soins n\u00e9cessaires suite \u00e0 son infection au Coronavirus. Ghannouchi a remerci\u00e9 le personnel m\u00e9dical et tous les agents du secteur de la sant\u00e9 qui veillent \u00e0 la sant\u00e9 des citoyens dans toute la R\u00e9publique, et [\u2026]<\/p>\n<p>L\u2019article <a href=\"https:\/\/www.tunisienumerique.com\/tunisie-etat-de-sante-de-rached-ghannouchi\/\">Tunisie: Etat de sant\u00e9 de Rached Ghannouchi<\/a> est apparu en premier sur <a href=\"http:\/\/www.tunisienumerique.com\/\">Tunisie<\/a>.<\/p>\n<\/div>\n<p>Auteur: rania ben slimane<br \/>\n<a href=\"https:\/\/www.tunisienumerique.com\/tunisie-etat-de-sante-de-rached-ghannouchi\/\">Cliquez ici pour lire l&rsquo;article depuis sa source.<\/a><\/p>\n","protected":false},"excerpt":{"rendered":"<p>Le pr\u00e9sident de l\u2019ARP, Rached Ghannouchi a quitt\u00e9 ce soir, mercredi 21 juillet 2021, l\u2019h\u00f4pital militaire, apr\u00e8s avoir re\u00e7u les soins n\u00e9cessaires suite \u00e0 son infection au Coronavirus. Ghannouchi a remerci\u00e9 le personnel m\u00e9dical et tous les agents du secteur de la sant\u00e9 qui veillent \u00e0 la sant\u00e9 des citoyens dans toute la R\u00e9publique, et [&hellip;]<\/p>\n","protected":false},"author":1789,"featured_media":0,"comment_status":"closed","ping_status":"closed","sticky":false,"template":"","format":"standard","meta":{"fifu_image_url":"","fifu_image_alt":"","footnotes":""},"categories":[73,55],"tags":[],"class_list":["post-122038","post","type-post","status-publish","format-standard","hentry","category-actualite","category-tunisie"],"_links":{"self":[{"href":"https:\/\/linitiative.ca\/International\/wp-json\/wp\/v2\/posts\/122038","targetHints":{"allow":["GET"]}}],"collection":[{"href":"https:\/\/linitiative.ca\/International\/wp-json\/wp\/v2\/posts"}],"about":[{"href":"https:\/\/linitiative.ca\/International\/wp-json\/wp\/v2\/types\/post"}],"author":[{"embeddable":true,"href":"https:\/\/linitiative.ca\/International\/wp-json\/wp\/v2\/users\/1789"}],"replies":[{"embeddable":true,"href":"https:\/\/linitiative.ca\/International\/wp-json\/wp\/v2\/comments?post=122038"}],"version-history":[{"count":0,"href":"https:\/\/linitiative.ca\/International\/wp-json\/wp\/v2\/posts\/122038\/revisions"}],"wp:attachment":[{"href":"https:\/\/linitiative.ca\/International\/wp-json\/wp\/v2\/media?parent=122038"}],"wp:term":[{"taxonomy":"category","embeddable":true,"href":"https:\/\/linitiative.ca\/International\/wp-json\/wp\/v2\/categories?post=122038"},{"taxonomy":"post_tag","embeddable":true,"href":"https:\/\/linitiative.ca\/International\/wp-json\/wp\/v2\/tags?post=122038"}],"curies":[{"name":"wp","href":"https:\/\/api.w.org\/{rel}","templated":true}]}}