{"id":122039,"date":"2021-07-21T16:59:01","date_gmt":"2021-07-21T20:59:01","guid":{"rendered":"https:\/\/linitiative.ca\/International\/tunisie-le-comedien-kamel-ghanmi-nest-plus\/"},"modified":"2021-07-21T16:59:01","modified_gmt":"2021-07-21T20:59:01","slug":"tunisie-le-comedien-kamel-ghanmi-nest-plus","status":"publish","type":"post","link":"https:\/\/linitiative.ca\/International\/tunisie-le-comedien-kamel-ghanmi-nest-plus\/","title":{"rendered":"Tunisie: Le com\u00e9dien Kamel Ghanmi n\u2019est plus!"},"content":{"rendered":"<div>\n<p>Le com\u00e9dien Kamel Ghanmi est d\u00e9c\u00e9d\u00e9 aujourd\u2019hui, mercredi 21 juillet 2021 apr\u00e8s un long combat contre la maladie. Que Dieu lui accorde sa mis\u00e9ricorde.<\/p>\n<p>L\u2019article <a href=\"https:\/\/www.tunisienumerique.com\/tunisie-le-comedien-kamel-ghanmi-nest-plus\/\">Tunisie: Le com\u00e9dien Kamel Ghanmi n\u2019est plus!<\/a> est apparu en premier sur <a href=\"http:\/\/www.tunisienumerique.com\/\">Tunisie<\/a>.<\/p>\n<\/div>\n<p>Auteur: rania ben slimane<br \/>\n<a href=\"https:\/\/www.tunisienumerique.com\/tunisie-le-comedien-kamel-ghanmi-nest-plus\/\">Cliquez ici pour lire l&rsquo;article depuis sa source.<\/a><\/p>\n","protected":false},"excerpt":{"rendered":"<p>Le com\u00e9dien Kamel Ghanmi est d\u00e9c\u00e9d\u00e9 aujourd\u2019hui, mercredi 21 juillet 2021 apr\u00e8s un long combat contre la maladie. Que Dieu lui accorde sa mis\u00e9ricorde. L\u2019article Tunisie: Le com\u00e9dien Kamel Ghanmi n\u2019est plus! est apparu en premier sur Tunisie. Auteur: rania ben slimane Cliquez ici pour lire l&rsquo;article depuis sa source.<\/p>\n","protected":false},"author":1789,"featured_media":0,"comment_status":"closed","ping_status":"closed","sticky":false,"template":"","format":"standard","meta":{"fifu_image_url":"","fifu_image_alt":"","footnotes":""},"categories":[73,55],"tags":[],"class_list":["post-122039","post","type-post","status-publish","format-standard","hentry","category-actualite","category-tunisie"],"_links":{"self":[{"href":"https:\/\/linitiative.ca\/International\/wp-json\/wp\/v2\/posts\/122039","targetHints":{"allow":["GET"]}}],"collection":[{"href":"https:\/\/linitiative.ca\/International\/wp-json\/wp\/v2\/posts"}],"about":[{"href":"https:\/\/linitiative.ca\/International\/wp-json\/wp\/v2\/types\/post"}],"author":[{"embeddable":true,"href":"https:\/\/linitiative.ca\/International\/wp-json\/wp\/v2\/users\/1789"}],"replies":[{"embeddable":true,"href":"https:\/\/linitiative.ca\/International\/wp-json\/wp\/v2\/comments?post=122039"}],"version-history":[{"count":0,"href":"https:\/\/linitiative.ca\/International\/wp-json\/wp\/v2\/posts\/122039\/revisions"}],"wp:attachment":[{"href":"https:\/\/linitiative.ca\/International\/wp-json\/wp\/v2\/media?parent=122039"}],"wp:term":[{"taxonomy":"category","embeddable":true,"href":"https:\/\/linitiative.ca\/International\/wp-json\/wp\/v2\/categories?post=122039"},{"taxonomy":"post_tag","embeddable":true,"href":"https:\/\/linitiative.ca\/International\/wp-json\/wp\/v2\/tags?post=122039"}],"curies":[{"name":"wp","href":"https:\/\/api.w.org\/{rel}","templated":true}]}}