{"id":122041,"date":"2021-07-21T17:09:37","date_gmt":"2021-07-21T21:09:37","guid":{"rendered":"https:\/\/linitiative.ca\/International\/tunisie-hichem-mechichi-recoit-le-ministre-de-la-sante-par-interim\/"},"modified":"2021-07-21T17:09:37","modified_gmt":"2021-07-21T21:09:37","slug":"tunisie-hichem-mechichi-recoit-le-ministre-de-la-sante-par-interim","status":"publish","type":"post","link":"https:\/\/linitiative.ca\/International\/tunisie-hichem-mechichi-recoit-le-ministre-de-la-sante-par-interim\/","title":{"rendered":"Tunisie : Hichem Mechichi re\u00e7oit le ministre de la Sant\u00e9 par int\u00e9rim"},"content":{"rendered":"<div>\n<p>Le Chef du gouvernement, Hichem Mechichi a rencontr\u00e9 ce soir, mercredi 21 juillet 2021, au Palais du Gouvernement \u00e0 la Kasbah, le ministre des Affaires sociales par ailleurs, le ministre de la Sant\u00e9 par int\u00e9rim, Mohamed Trabelsi. Au cours de la r\u00e9union, Mechichi a soulign\u00e9 la n\u00e9cessit\u00e9 d\u2019am\u00e9liorer les performances du minist\u00e8re de la Sant\u00e9 [\u2026]<\/p>\n<p>L\u2019article <a href=\"https:\/\/www.tunisienumerique.com\/tunisie-hichem-mechichi-recoit-le-ministre-de-la-sante-par-interim\/\">Tunisie : Hichem Mechichi re\u00e7oit le ministre de la Sant\u00e9 par int\u00e9rim<\/a> est apparu en premier sur <a href=\"http:\/\/www.tunisienumerique.com\/\">Tunisie<\/a>.<\/p>\n<\/div>\n<p>Auteur: rania ben slimane<br \/>\n<a href=\"https:\/\/www.tunisienumerique.com\/tunisie-hichem-mechichi-recoit-le-ministre-de-la-sante-par-interim\/\">Cliquez ici pour lire l&rsquo;article depuis sa source.<\/a><\/p>\n","protected":false},"excerpt":{"rendered":"<p>Le Chef du gouvernement, Hichem Mechichi a rencontr\u00e9 ce soir, mercredi 21 juillet 2021, au Palais du Gouvernement \u00e0 la Kasbah, le ministre des Affaires sociales par ailleurs, le ministre de la Sant\u00e9 par int\u00e9rim, Mohamed Trabelsi. Au cours de la r\u00e9union, Mechichi a soulign\u00e9 la n\u00e9cessit\u00e9 d\u2019am\u00e9liorer les performances du minist\u00e8re de la Sant\u00e9 [&hellip;]<\/p>\n","protected":false},"author":1789,"featured_media":0,"comment_status":"closed","ping_status":"closed","sticky":false,"template":"","format":"standard","meta":{"fifu_image_url":"","fifu_image_alt":"","footnotes":""},"categories":[73,55],"tags":[],"class_list":["post-122041","post","type-post","status-publish","format-standard","hentry","category-actualite","category-tunisie"],"_links":{"self":[{"href":"https:\/\/linitiative.ca\/International\/wp-json\/wp\/v2\/posts\/122041","targetHints":{"allow":["GET"]}}],"collection":[{"href":"https:\/\/linitiative.ca\/International\/wp-json\/wp\/v2\/posts"}],"about":[{"href":"https:\/\/linitiative.ca\/International\/wp-json\/wp\/v2\/types\/post"}],"author":[{"embeddable":true,"href":"https:\/\/linitiative.ca\/International\/wp-json\/wp\/v2\/users\/1789"}],"replies":[{"embeddable":true,"href":"https:\/\/linitiative.ca\/International\/wp-json\/wp\/v2\/comments?post=122041"}],"version-history":[{"count":0,"href":"https:\/\/linitiative.ca\/International\/wp-json\/wp\/v2\/posts\/122041\/revisions"}],"wp:attachment":[{"href":"https:\/\/linitiative.ca\/International\/wp-json\/wp\/v2\/media?parent=122041"}],"wp:term":[{"taxonomy":"category","embeddable":true,"href":"https:\/\/linitiative.ca\/International\/wp-json\/wp\/v2\/categories?post=122041"},{"taxonomy":"post_tag","embeddable":true,"href":"https:\/\/linitiative.ca\/International\/wp-json\/wp\/v2\/tags?post=122041"}],"curies":[{"name":"wp","href":"https:\/\/api.w.org\/{rel}","templated":true}]}}