{"id":122042,"date":"2021-07-21T17:13:04","date_gmt":"2021-07-21T21:13:04","guid":{"rendered":"https:\/\/linitiative.ca\/International\/tunisie-zaghouan-arrestation-dun-terroriste-qui-etait-en-syrie\/"},"modified":"2021-07-21T17:13:04","modified_gmt":"2021-07-21T21:13:04","slug":"tunisie-zaghouan-arrestation-dun-terroriste-qui-etait-en-syrie","status":"publish","type":"post","link":"https:\/\/linitiative.ca\/International\/tunisie-zaghouan-arrestation-dun-terroriste-qui-etait-en-syrie\/","title":{"rendered":"Tunisie \u2013 Zaghouan\u00a0: Arrestation d\u2019un terroriste qui \u00e9tait en Syrie"},"content":{"rendered":"<div>\n<p>Les agents de la garde nationale ont r\u00e9ussi, hier, \u00e0 la faveur d\u2019une embuscade, \u00e0 appr\u00e9hender un \u00e9l\u00e9ment terroriste class\u00e9 dangereux, originaire de la r\u00e9gion, recherch\u00e9, par la justice, dans des affaires \u00e0 caract\u00e8re terroriste. L\u2019individu en question \u00e9tait, par ailleurs, en Syrie o\u00f9 il a combattu dans les rangs de DAECH.<\/p>\n<p>L\u2019article <a href=\"https:\/\/www.tunisienumerique.com\/tunisie-zaghouan-arrestation-dun-terroriste-qui-etait-en-syrie\/\">Tunisie \u2013 Zaghouan\u00a0: Arrestation d\u2019un terroriste qui \u00e9tait en Syrie<\/a> est apparu en premier sur <a href=\"http:\/\/www.tunisienumerique.com\/\">Tunisie<\/a>.<\/p>\n<\/div>\n<p>Auteur: LM<br \/>\n<a href=\"https:\/\/www.tunisienumerique.com\/tunisie-zaghouan-arrestation-dun-terroriste-qui-etait-en-syrie\/\">Cliquez ici pour lire l&rsquo;article depuis sa source.<\/a><\/p>\n","protected":false},"excerpt":{"rendered":"<p>Les agents de la garde nationale ont r\u00e9ussi, hier, \u00e0 la faveur d\u2019une embuscade, \u00e0 appr\u00e9hender un \u00e9l\u00e9ment terroriste class\u00e9 dangereux, originaire de la r\u00e9gion, recherch\u00e9, par la justice, dans des affaires \u00e0 caract\u00e8re terroriste. L\u2019individu en question \u00e9tait, par ailleurs, en Syrie o\u00f9 il a combattu dans les rangs de DAECH. L\u2019article Tunisie \u2013 [&hellip;]<\/p>\n","protected":false},"author":1789,"featured_media":0,"comment_status":"closed","ping_status":"closed","sticky":false,"template":"","format":"standard","meta":{"fifu_image_url":"","fifu_image_alt":"","footnotes":""},"categories":[73,55],"tags":[],"class_list":["post-122042","post","type-post","status-publish","format-standard","hentry","category-actualite","category-tunisie"],"_links":{"self":[{"href":"https:\/\/linitiative.ca\/International\/wp-json\/wp\/v2\/posts\/122042","targetHints":{"allow":["GET"]}}],"collection":[{"href":"https:\/\/linitiative.ca\/International\/wp-json\/wp\/v2\/posts"}],"about":[{"href":"https:\/\/linitiative.ca\/International\/wp-json\/wp\/v2\/types\/post"}],"author":[{"embeddable":true,"href":"https:\/\/linitiative.ca\/International\/wp-json\/wp\/v2\/users\/1789"}],"replies":[{"embeddable":true,"href":"https:\/\/linitiative.ca\/International\/wp-json\/wp\/v2\/comments?post=122042"}],"version-history":[{"count":0,"href":"https:\/\/linitiative.ca\/International\/wp-json\/wp\/v2\/posts\/122042\/revisions"}],"wp:attachment":[{"href":"https:\/\/linitiative.ca\/International\/wp-json\/wp\/v2\/media?parent=122042"}],"wp:term":[{"taxonomy":"category","embeddable":true,"href":"https:\/\/linitiative.ca\/International\/wp-json\/wp\/v2\/categories?post=122042"},{"taxonomy":"post_tag","embeddable":true,"href":"https:\/\/linitiative.ca\/International\/wp-json\/wp\/v2\/tags?post=122042"}],"curies":[{"name":"wp","href":"https:\/\/api.w.org\/{rel}","templated":true}]}}