{"id":122043,"date":"2021-07-21T15:48:39","date_gmt":"2021-07-21T19:48:39","guid":{"rendered":"https:\/\/linitiative.ca\/International\/sejour-de-jean-luc-melenchon-au-burkina-faso\/"},"modified":"2021-07-21T15:48:39","modified_gmt":"2021-07-21T19:48:39","slug":"sejour-de-jean-luc-melenchon-au-burkina-faso","status":"publish","type":"post","link":"https:\/\/linitiative.ca\/International\/sejour-de-jean-luc-melenchon-au-burkina-faso\/","title":{"rendered":"SEJOUR DE JEAN LUC MELENCHON AU BURKINA FASO"},"content":{"rendered":"<div>\n<p><img decoding=\"async\" width=\"750\" height=\"424\" src=\"https:\/\/linitiative.ca\/International\/wp-content\/uploads\/sites\/23\/2021\/07\/Jean-Luc-Melenchon-2.jpg\" class=\"attachment- size- wp-post-image\" alt=\"\" loading=\"lazy\" style=\"float:left; margin:0 15px 15px 0;\" srcset=\"https:\/\/linitiative.ca\/International\/wp-content\/uploads\/sites\/23\/2021\/07\/Jean-Luc-Melenchon-2.jpg 750w, https:\/\/lepays.bf\/wp-content\/uploads\/2021\/07\/Jean-Luc-Melenchon-2-300x170.jpg 300w, https:\/\/lepays.bf\/wp-content\/uploads\/2021\/07\/Jean-Luc-Melenchon-2-390x220.jpg 390w\" sizes=\"auto, (max-width: 750px) 100vw, 750px\">\u00a0Le pr\u00e9sident du groupe parlementaire La France Insoumise, Jean Luc M\u00e9lenchon, a s\u00e9journ\u00e9 du 18 au 21 juillet 2021, au Burkina Faso, pour une visite in\u00e9dite au cours de laquelle il a rencontr\u00e9 des leaders politiques et des acteurs de la soci\u00e9t\u00e9 civile, avant de boucler la boucle par une conf\u00e9rence publique \u00e0 l\u2019universit\u00e9 Pr \u2026<\/p>\n<p>L\u2019article <a rel=\"nofollow\" href=\"https:\/\/lepays.bf\/sejour-de-jean-luc-melenchon-au-burkina-faso\/\">SEJOUR DE JEAN LUC MELENCHON AU BURKINA FASO<\/a> est apparu en premier sur <a rel=\"nofollow\" href=\"https:\/\/lepays.bf\/\">Editions Le Pays<\/a>.<\/p>\n<\/div>\n<p>Auteur: Editions LEPAYS<br \/>\n<a href=\"https:\/\/lepays.bf\/sejour-de-jean-luc-melenchon-au-burkina-faso\/\">Cliquez ici pour lire l&rsquo;article depuis sa source.<\/a><\/p>\n","protected":false},"excerpt":{"rendered":"<p>\u00a0Le pr\u00e9sident du groupe parlementaire La France Insoumise, Jean Luc M\u00e9lenchon, a s\u00e9journ\u00e9 du 18 au 21 juillet 2021, au Burkina Faso, pour une visite in\u00e9dite au cours de laquelle il a rencontr\u00e9 des leaders politiques et des acteurs de la soci\u00e9t\u00e9 civile, avant de boucler la boucle par une conf\u00e9rence publique \u00e0 l\u2019universit\u00e9 Pr [&hellip;]<\/p>\n","protected":false},"author":1813,"featured_media":0,"comment_status":"closed","ping_status":"closed","sticky":false,"template":"","format":"standard","meta":{"fifu_image_url":"https:\/\/lepays.bf\/wp-content\/uploads\/2021\/07\/Jean-Luc-Melenchon-2.jpg","fifu_image_alt":"SEJOUR DE JEAN LUC MELENCHON AU BURKINA FASO","footnotes":""},"categories":[73,81],"tags":[],"class_list":["post-122043","post","type-post","status-publish","format-standard","hentry","category-actualite","category-burkina-faso"],"_links":{"self":[{"href":"https:\/\/linitiative.ca\/International\/wp-json\/wp\/v2\/posts\/122043","targetHints":{"allow":["GET"]}}],"collection":[{"href":"https:\/\/linitiative.ca\/International\/wp-json\/wp\/v2\/posts"}],"about":[{"href":"https:\/\/linitiative.ca\/International\/wp-json\/wp\/v2\/types\/post"}],"author":[{"embeddable":true,"href":"https:\/\/linitiative.ca\/International\/wp-json\/wp\/v2\/users\/1813"}],"replies":[{"embeddable":true,"href":"https:\/\/linitiative.ca\/International\/wp-json\/wp\/v2\/comments?post=122043"}],"version-history":[{"count":0,"href":"https:\/\/linitiative.ca\/International\/wp-json\/wp\/v2\/posts\/122043\/revisions"}],"wp:attachment":[{"href":"https:\/\/linitiative.ca\/International\/wp-json\/wp\/v2\/media?parent=122043"}],"wp:term":[{"taxonomy":"category","embeddable":true,"href":"https:\/\/linitiative.ca\/International\/wp-json\/wp\/v2\/categories?post=122043"},{"taxonomy":"post_tag","embeddable":true,"href":"https:\/\/linitiative.ca\/International\/wp-json\/wp\/v2\/tags?post=122043"}],"curies":[{"name":"wp","href":"https:\/\/api.w.org\/{rel}","templated":true}]}}