{"id":122045,"date":"2021-07-21T15:57:08","date_gmt":"2021-07-21T19:57:08","guid":{"rendered":"https:\/\/linitiative.ca\/International\/vers-la-restitution-des-biens-mal-acquis-aux-populations-spoliees\/"},"modified":"2021-07-21T15:57:08","modified_gmt":"2021-07-21T19:57:08","slug":"vers-la-restitution-des-biens-mal-acquis-aux-populations-spoliees","status":"publish","type":"post","link":"https:\/\/linitiative.ca\/International\/vers-la-restitution-des-biens-mal-acquis-aux-populations-spoliees\/","title":{"rendered":"VERS LA RESTITUTION DES BIENS MAL ACQUIS AUX POPULATIONS SPOLIEES"},"content":{"rendered":"<div>\n<p><img decoding=\"async\" width=\"664\" height=\"443\" src=\"https:\/\/linitiative.ca\/International\/wp-content\/uploads\/sites\/23\/2021\/07\/BIENS-MAL-ACQUIS.jpg\" class=\"attachment- size- wp-post-image\" alt=\"\" loading=\"lazy\" style=\"float:left; margin:0 15px 15px 0;\" srcset=\"https:\/\/linitiative.ca\/International\/wp-content\/uploads\/sites\/23\/2021\/07\/BIENS-MAL-ACQUIS.jpg 664w, https:\/\/lepays.bf\/wp-content\/uploads\/2021\/07\/BIENS-MAL-ACQUIS-300x200.jpg 300w\" sizes=\"auto, (max-width: 664px) 100vw, 664px\">\u00a0C\u2019est une bonne nouvelle qui devrait d\u00e9j\u00e0 r\u00e9jouir bien des populations africaines longtemps spoli\u00e9es par leurs dirigeants. Avec l\u2019adoption par le Parlement fran\u00e7ais, du projet de \u00ab\u00a0loi sur le d\u00e9veloppement solidaire\u00a0\u00bb, l\u2019Hexagone devrait pouvoir reverser \u00e0 ces populations africaines, l\u2019argent des \u00ab biens mal acquis\u00a0\u00bb, d\u00e9tourn\u00e9 par des dictateurs africains et leurs proches, investi dans \u2026<\/p>\n<p>L\u2019article <a rel=\"nofollow\" href=\"https:\/\/lepays.bf\/vers-la-restitution-des-biens-mal-acquis-aux-populations-spoliees\/\">VERS LA RESTITUTION DES BIENS MAL ACQUIS AUX POPULATIONS SPOLIEES<\/a> est apparu en premier sur <a rel=\"nofollow\" href=\"https:\/\/lepays.bf\/\">Editions Le Pays<\/a>.<\/p>\n<\/div>\n<p>Auteur: Editions LEPAYS<br \/>\n<a href=\"https:\/\/lepays.bf\/vers-la-restitution-des-biens-mal-acquis-aux-populations-spoliees\/\">Cliquez ici pour lire l&rsquo;article depuis sa source.<\/a><\/p>\n","protected":false},"excerpt":{"rendered":"<p>\u00a0C\u2019est une bonne nouvelle qui devrait d\u00e9j\u00e0 r\u00e9jouir bien des populations africaines longtemps spoli\u00e9es par leurs dirigeants. Avec l\u2019adoption par le Parlement fran\u00e7ais, du projet de \u00ab\u00a0loi sur le d\u00e9veloppement solidaire\u00a0\u00bb, l\u2019Hexagone devrait pouvoir reverser \u00e0 ces populations africaines, l\u2019argent des \u00ab biens mal acquis\u00a0\u00bb, d\u00e9tourn\u00e9 par des dictateurs africains et leurs proches, investi dans [&hellip;]<\/p>\n","protected":false},"author":1813,"featured_media":0,"comment_status":"closed","ping_status":"closed","sticky":false,"template":"","format":"standard","meta":{"fifu_image_url":"https:\/\/lepays.bf\/wp-content\/uploads\/2021\/07\/BIENS-MAL-ACQUIS.jpg","fifu_image_alt":"VERS LA RESTITUTION DES BIENS MAL ACQUIS AUX POPULATIONS SPOLIEES","footnotes":""},"categories":[73,81],"tags":[],"class_list":["post-122045","post","type-post","status-publish","format-standard","hentry","category-actualite","category-burkina-faso"],"_links":{"self":[{"href":"https:\/\/linitiative.ca\/International\/wp-json\/wp\/v2\/posts\/122045","targetHints":{"allow":["GET"]}}],"collection":[{"href":"https:\/\/linitiative.ca\/International\/wp-json\/wp\/v2\/posts"}],"about":[{"href":"https:\/\/linitiative.ca\/International\/wp-json\/wp\/v2\/types\/post"}],"author":[{"embeddable":true,"href":"https:\/\/linitiative.ca\/International\/wp-json\/wp\/v2\/users\/1813"}],"replies":[{"embeddable":true,"href":"https:\/\/linitiative.ca\/International\/wp-json\/wp\/v2\/comments?post=122045"}],"version-history":[{"count":0,"href":"https:\/\/linitiative.ca\/International\/wp-json\/wp\/v2\/posts\/122045\/revisions"}],"wp:attachment":[{"href":"https:\/\/linitiative.ca\/International\/wp-json\/wp\/v2\/media?parent=122045"}],"wp:term":[{"taxonomy":"category","embeddable":true,"href":"https:\/\/linitiative.ca\/International\/wp-json\/wp\/v2\/categories?post=122045"},{"taxonomy":"post_tag","embeddable":true,"href":"https:\/\/linitiative.ca\/International\/wp-json\/wp\/v2\/tags?post=122045"}],"curies":[{"name":"wp","href":"https:\/\/api.w.org\/{rel}","templated":true}]}}