{"id":122047,"date":"2021-07-20T17:47:19","date_gmt":"2021-07-20T21:47:19","guid":{"rendered":"https:\/\/linitiative.ca\/International\/banwa-une-marche-contre-letat-des-voies\/"},"modified":"2021-07-20T17:47:19","modified_gmt":"2021-07-20T21:47:19","slug":"banwa-une-marche-contre-letat-des-voies","status":"publish","type":"post","link":"https:\/\/linitiative.ca\/International\/banwa-une-marche-contre-letat-des-voies\/","title":{"rendered":"Banwa : une marche contre l\u2019\u00e9tat des voies"},"content":{"rendered":"<div>\n<p>Dans ses tourn\u00e9es, Kantigui est tomb\u00e9 sur une information qui fait le tour de la province des Banwa. En effet, selon les informations rapport\u00e9es \u00e0 Kantigui, une marche de protestation sera organis\u00e9e \u00e0 Solenzo, le lundi 26 juillet prochain. Interrog\u00e9 sur les raisons de cette initiative, l\u2019interlocuteur de Kantigui a pr\u00e9cis\u00e9 que les Organisations de la soci\u00e9t\u00e9 civile (OSC) reprochent au gouvernement, de \u00ab fausses promesses \u00bb de bitumage des routes reliant Solenzo aux autres capitales provinciales et r\u00e9gionales, mais aussi un<br \/>\n\u00ab manque de volont\u00e9 \u00bb de l\u2019ex\u00e9cutif, d\u2019\u00e9riger un Centre m\u00e9dical avec antenne chirurgicale (CMA) moderne qui r\u00e9pond aux normes dans la province.<\/p>\n<p>Pourtant, a signifi\u00e9 la m\u00eame source, le Pr\u00e9sident du Faso, Roch Marc Christian Kabor\u00e9, apr\u00e8s s\u2019\u00eatre embourb\u00e9 avec son v\u00e9hicule en 2015, lors de sa campagne \u00e9lectorale, avait promis \u00e0 la population, le bitume de l\u2019axe Koundougou- Solenzo \u2013 D\u00e9dougou, d\u00e8s qu\u2019il acc\u00e8de au pouvoir.<br \/>\nA entendre la source de Kantigui, le march\u00e9 de bitumage de la voie a \u00e9t\u00e9 attribu\u00e9, mais l\u2019entreprise serait d\u00e9faillante depuis plusieurs mois, laissant les populations dans le d\u00e9sespoir total.<br \/>\nLes interlocuteurs de Kantigui ont affirm\u00e9 que plusieurs d\u00e9c\u00e8s sont li\u00e9s au mauvais \u00e9tat des routes de la province, devenues des \u00ab fleuves \u00bb en saison des pluies.<\/p>\n<hr>\n<p><strong>Un conseiller p\u00e9dagogique \u00ab floueur \u00bb<\/strong><\/p>\n<p>Les supplications de plusieurs enseignants sont parvenues jusqu\u2019\u00e0 Kantigui. Candidats au concours professionnel du Certificat d\u2019aptitude p\u00e9dagogique (CAP), ils se sont inscrits \u00e0 raison de 16 000 F CFA par personne, dans un \u00ab centre \u00bb de formation ouvert par un conseiller p\u00e9dagogique de l\u2019enseignement primaire de renom, dans le quartier Tanghin de Ouagadougou. Contre toute attente, l\u2019encadreur est quasiment absent, a-t-on appris \u00e0 Kantigui, se faisant remplacer par un autre qui n\u2019aurait pas le niveau. \u00ab Selon le calendrier qu\u2019il nous a communiqu\u00e9, chaque jour, il devait nous encadrer, soit le matin ou le soir. Souvent, celui qu\u2019il envoie pour le remplacer plaque des exercices au tableau et nous dit qu\u2019on va corriger demain, esp\u00e9rant que le conseiller lui-m\u00eame sera l\u00e0 \u00bb, a relat\u00e9 un enseignant.<br \/>\nInformation prise, il est revenu \u00e0 Kantigui que le conseiller p\u00e9dagogique n\u2019a simplement pas le temps, parce qu\u2019il a ouvert deux autres centres dans le quartier Pissy de la capitale. Kantigui invite le conseiller \u00ab floueur \u00bb de ne pas se faire des sous sur le dos des autres et surtout \u00e0 respecter ses engagements.<\/p>\n<p style=\"text-align: right\"><strong>Kantigui<\/strong><br \/>\nkantigui2000@gmail.com<br \/>\n(+226) 25 31 22 89<\/p>\n<p>\u00a0<\/p>\n<p>\u00a0<\/p>\n<p>L\u2019article <a rel=\"nofollow\" href=\"https:\/\/www.sidwaya.info\/blog\/2021\/07\/20\/banwa-une-marche-contre-letat-des-voies\/\">Banwa : une marche contre l\u2019\u00e9tat des voies<\/a> est apparu en premier sur <a rel=\"nofollow\" href=\"https:\/\/www.sidwaya.info\/\">Quotidien Sidwaya<\/a>.<\/p>\n<\/div>\n<p>Auteur: JK. Sidwaya<br \/>\n<a href=\"https:\/\/www.sidwaya.info\/blog\/2021\/07\/20\/banwa-une-marche-contre-letat-des-voies\/\">Cliquez ici pour lire l&rsquo;article depuis sa source.<\/a><\/p>\n","protected":false},"excerpt":{"rendered":"<p>Dans ses tourn\u00e9es, Kantigui est tomb\u00e9 sur une information qui fait le tour de la province des Banwa. En effet, selon les informations rapport\u00e9es \u00e0 Kantigui, une marche de protestation sera organis\u00e9e \u00e0 Solenzo, le lundi 26 juillet prochain. Interrog\u00e9 sur les raisons de cette initiative, l\u2019interlocuteur de Kantigui a pr\u00e9cis\u00e9 que les Organisations de [&hellip;]<\/p>\n","protected":false},"author":1816,"featured_media":0,"comment_status":"closed","ping_status":"closed","sticky":false,"template":"","format":"standard","meta":{"fifu_image_url":"","fifu_image_alt":"","footnotes":""},"categories":[73,81],"tags":[],"class_list":["post-122047","post","type-post","status-publish","format-standard","hentry","category-actualite","category-burkina-faso"],"_links":{"self":[{"href":"https:\/\/linitiative.ca\/International\/wp-json\/wp\/v2\/posts\/122047","targetHints":{"allow":["GET"]}}],"collection":[{"href":"https:\/\/linitiative.ca\/International\/wp-json\/wp\/v2\/posts"}],"about":[{"href":"https:\/\/linitiative.ca\/International\/wp-json\/wp\/v2\/types\/post"}],"author":[{"embeddable":true,"href":"https:\/\/linitiative.ca\/International\/wp-json\/wp\/v2\/users\/1816"}],"replies":[{"embeddable":true,"href":"https:\/\/linitiative.ca\/International\/wp-json\/wp\/v2\/comments?post=122047"}],"version-history":[{"count":0,"href":"https:\/\/linitiative.ca\/International\/wp-json\/wp\/v2\/posts\/122047\/revisions"}],"wp:attachment":[{"href":"https:\/\/linitiative.ca\/International\/wp-json\/wp\/v2\/media?parent=122047"}],"wp:term":[{"taxonomy":"category","embeddable":true,"href":"https:\/\/linitiative.ca\/International\/wp-json\/wp\/v2\/categories?post=122047"},{"taxonomy":"post_tag","embeddable":true,"href":"https:\/\/linitiative.ca\/International\/wp-json\/wp\/v2\/tags?post=122047"}],"curies":[{"name":"wp","href":"https:\/\/api.w.org\/{rel}","templated":true}]}}