{"id":122056,"date":"2021-07-21T12:18:02","date_gmt":"2021-07-21T16:18:02","guid":{"rendered":"https:\/\/linitiative.ca\/International\/cote-divoire-tete-a-tete-ouattara-gbagbo-le-27-juillet-2021-officiel\/"},"modified":"2021-07-21T12:18:02","modified_gmt":"2021-07-21T16:18:02","slug":"cote-divoire-tete-a-tete-ouattara-gbagbo-le-27-juillet-2021-officiel","status":"publish","type":"post","link":"https:\/\/linitiative.ca\/International\/cote-divoire-tete-a-tete-ouattara-gbagbo-le-27-juillet-2021-officiel\/","title":{"rendered":"C\u00f4te d\u2019Ivoire: t\u00eate-\u00e0-t\u00eate Ouattara-Gbagbo le 27 juillet 2021 (officiel)"},"content":{"rendered":"<div>\n<p><img loading=\"lazy\" decoding=\"async\" width=\"640\" height=\"426\" src=\"https:\/\/linitiative.ca\/International\/wp-content\/uploads\/sites\/23\/2021\/07\/16268842829506.jpg\" class=\"attachment-post-thumbnail size-post-thumbnail wp-post-image\" alt=\"\" srcset=\"https:\/\/linitiative.ca\/International\/wp-content\/uploads\/sites\/23\/2021\/07\/16268842829506.jpg 640w, https:\/\/www.journalducameroun.com\/wp-content\/uploads\/2021\/07\/16268842829506-300x200.jpg 300w, https:\/\/www.journalducameroun.com\/wp-content\/uploads\/2021\/07\/16268842829506-600x399.jpg 600w\" sizes=\"auto, (max-width: 640px) 100vw, 640px\"><\/p>\n<p>Le chef de l&rsquo;Etat ivoirien Alassane Ouattara aura un t\u00eate-\u00e0-t\u00eate avec l&rsquo;ancien pr\u00e9sident Laurent Gbagbo le 27 juillet 2021 au Palais de la pr\u00e9sidence de la R\u00e9publique \u00e0 Abidjan, a annonc\u00e9 mercredi le porte-parole du gouvernement, Amadou Coulibaly, \u00e0 l&rsquo;issue d&rsquo;un Conseil des ministres.<\/p>\n<p>\u00ab\u00a0Il y a eu un contact, le pr\u00e9sident Alassane Ouattara recevra M. Gbagbo Laurent le mardi 27 juillet 2021 au Palais de la pr\u00e9sidence de la R\u00e9publique\u00a0\u00bb, a d\u00e9clar\u00e9 le porte-parole du gouvernement ivoirien, Amadou Coulibaly, \u00e0 l&rsquo;issue d&rsquo;un Conseil des ministres.\u00a0<\/p>\n<p>Interrog\u00e9 de savoir si le gouvernement \u00e9tait favorable \u00e0 un dialogue national comme demand\u00e9 par l&rsquo;opposition, M. Amadou Coulibaly a dit que \u00ab\u00a0le dialogue n&rsquo;a jamais \u00e9t\u00e9 rompu. Il existe un dialogue gouvernemental\u00a0\u00bb.<\/p>\n<p>Le dialogue gouvernemental, soulignera-t-il, a \u00ab\u00a0commenc\u00e9 avec le Premier ministre Amadou Gon Coulibaly, il s&rsquo;est poursuivi avec le Premier ministre Hamed Bakayoko et il se poursuit avec le Premier ministre Patrick Achi\u00a0\u00bb.<\/p>\n<p>Cela a d&rsquo;ailleurs permis le retour en C\u00f4te d&rsquo;Ivoire de l&rsquo;ancien pr\u00e9sident Laurent Gbagbo, acquitt\u00e9 le 31 mars 2021 par la Cour p\u00e9nale internationale (CPI) dans l&rsquo;affaire de crimes contre l&rsquo;humanit\u00e9 perp\u00e9tr\u00e9s lors des violences post\u00e9lectorales de 2010-2011, a-t-il dit. \u00a0<\/p>\n<p>Cet article <a rel=\"nofollow\" href=\"https:\/\/www.journalducameroun.com\/cote-divoire-tete-a-tete-ouattara-gbagbo-le-27-juillet-2021-officiel\/\">C\u00f4te d\u2019Ivoire: t\u00eate-\u00e0-t\u00eate Ouattara-Gbagbo le 27 juillet 2021 (officiel)<\/a> est apparu en premier sur <a rel=\"nofollow\" href=\"https:\/\/www.journalducameroun.com\/\">Journal du Cameroun<\/a>.<\/p>\n<\/div>\n<p>Auteur: APA News<br \/>\n<a href=\"https:\/\/www.journalducameroun.com\/cote-divoire-tete-a-tete-ouattara-gbagbo-le-27-juillet-2021-officiel\/\">Cliquez ici pour lire l&rsquo;article depuis sa source.<\/a><\/p>\n","protected":false},"excerpt":{"rendered":"<p>Le chef de l&rsquo;Etat ivoirien Alassane Ouattara aura un t\u00eate-\u00e0-t\u00eate avec l&rsquo;ancien pr\u00e9sident Laurent Gbagbo le 27 juillet 2021 au Palais de la pr\u00e9sidence de la R\u00e9publique \u00e0 Abidjan, a annonc\u00e9 mercredi le porte-parole du gouvernement, Amadou Coulibaly, \u00e0 l&rsquo;issue d&rsquo;un Conseil des ministres. \u00ab\u00a0Il y a eu un contact, le pr\u00e9sident Alassane Ouattara recevra [&hellip;]<\/p>\n","protected":false},"author":1965,"featured_media":0,"comment_status":"closed","ping_status":"closed","sticky":false,"template":"","format":"standard","meta":{"fifu_image_url":"https:\/\/www.journalducameroun.com\/wp-content\/uploads\/2021\/07\/16268842829506.jpg","fifu_image_alt":"C\u00f4te d\u2019Ivoire: t\u00eate-\u00e0-t\u00eate Ouattara-Gbagbo le 27 juillet 2021 (officiel)","footnotes":""},"categories":[73,82],"tags":[],"class_list":["post-122056","post","type-post","status-publish","format-standard","hentry","category-actualite","category-cameroun"],"_links":{"self":[{"href":"https:\/\/linitiative.ca\/International\/wp-json\/wp\/v2\/posts\/122056","targetHints":{"allow":["GET"]}}],"collection":[{"href":"https:\/\/linitiative.ca\/International\/wp-json\/wp\/v2\/posts"}],"about":[{"href":"https:\/\/linitiative.ca\/International\/wp-json\/wp\/v2\/types\/post"}],"author":[{"embeddable":true,"href":"https:\/\/linitiative.ca\/International\/wp-json\/wp\/v2\/users\/1965"}],"replies":[{"embeddable":true,"href":"https:\/\/linitiative.ca\/International\/wp-json\/wp\/v2\/comments?post=122056"}],"version-history":[{"count":0,"href":"https:\/\/linitiative.ca\/International\/wp-json\/wp\/v2\/posts\/122056\/revisions"}],"wp:attachment":[{"href":"https:\/\/linitiative.ca\/International\/wp-json\/wp\/v2\/media?parent=122056"}],"wp:term":[{"taxonomy":"category","embeddable":true,"href":"https:\/\/linitiative.ca\/International\/wp-json\/wp\/v2\/categories?post=122056"},{"taxonomy":"post_tag","embeddable":true,"href":"https:\/\/linitiative.ca\/International\/wp-json\/wp\/v2\/tags?post=122056"}],"curies":[{"name":"wp","href":"https:\/\/api.w.org\/{rel}","templated":true}]}}