{"id":122058,"date":"2021-07-21T12:43:26","date_gmt":"2021-07-21T16:43:26","guid":{"rendered":"https:\/\/linitiative.ca\/International\/cameroun-yaounde-douala-et-bafoussam-plus-reticents-au-vaccin-anti-covid-19\/"},"modified":"2021-07-21T12:43:26","modified_gmt":"2021-07-21T16:43:26","slug":"cameroun-yaounde-douala-et-bafoussam-plus-reticents-au-vaccin-anti-covid-19","status":"publish","type":"post","link":"https:\/\/linitiative.ca\/International\/cameroun-yaounde-douala-et-bafoussam-plus-reticents-au-vaccin-anti-covid-19\/","title":{"rendered":"Cameroun : Yaound\u00e9, Douala et Bafoussam plus r\u00e9ticents au vaccin anti Covid-19"},"content":{"rendered":"<div>\n<p><img loading=\"lazy\" decoding=\"async\" width=\"640\" height=\"360\" src=\"https:\/\/linitiative.ca\/International\/wp-content\/uploads\/sites\/23\/2021\/07\/117598679_gettyimages-1306322944.jpg\" class=\"attachment-post-thumbnail size-post-thumbnail wp-post-image\" alt=\"\" srcset=\"https:\/\/linitiative.ca\/International\/wp-content\/uploads\/sites\/23\/2021\/07\/117598679_gettyimages-1306322944.jpg 640w, https:\/\/www.journalducameroun.com\/wp-content\/uploads\/2021\/04\/117598679_gettyimages-1306322944-300x169.jpg 300w, https:\/\/www.journalducameroun.com\/wp-content\/uploads\/2021\/04\/117598679_gettyimages-1306322944-780x440.jpg 780w, https:\/\/www.journalducameroun.com\/wp-content\/uploads\/2021\/04\/117598679_gettyimages-1306322944-380x215.jpg 380w, https:\/\/www.journalducameroun.com\/wp-content\/uploads\/2021\/04\/117598679_gettyimages-1306322944-160x90.jpg 160w, https:\/\/www.journalducameroun.com\/wp-content\/uploads\/2021\/04\/117598679_gettyimages-1306322944-240x135.jpg 240w, https:\/\/www.journalducameroun.com\/wp-content\/uploads\/2021\/04\/117598679_gettyimages-1306322944-600x338.jpg 600w\" sizes=\"auto, (max-width: 640px) 100vw, 640px\"><\/p>\n<h5 style=\"text-align: justify;\">La campagne intensive de vaccination \u00a0contre la Covid-19 a attir\u00e9 du beau monde dans l\u2019arri\u00e8re-pays, contrairement aux grands centres urbains o\u00f9 des r\u00e9ticences persistent.<\/h5>\n<p style=\"text-align: justify;\">\n<p style=\"text-align: justify;\">Du 7 au 16 juillet 2021 la campagne intensive a permis de vacciner 310 mille personnes contre le virus mortel du<strong> Covid-19<\/strong>. C\u2019est ce que laisse entendre le ministre de la Sant\u00e9 publique, \u00a0<strong>Manaouda Malachie<\/strong> au terme de l&rsquo;op\u00e9ration. Ce score est rendu possible gr\u00e2ce \u00e0 l\u2019engouement observ\u00e9 dans les petits et moyens centres urbains du pays.<\/p>\n<p style=\"text-align: justify;\"><em>\u00ab\u00a0Dans l\u2019arri\u00e8re-pays, la vaccination marche tr\u00e8s bien et nous sommes m\u00eame en train d\u2019acc\u00e9l\u00e9rer le processus de r\u00e9ception de d\u2019autres doses pour pouvoir tenir la demande qui est forte en ce moment\u00a0\u00bb, a\u00a0<\/em>indiqu\u00e9 le ministre. Regrettant qu\u2019\u00e0 Yaound\u00e9, Douala et Bafoussam, les populations soient r\u00e9ticentes. Une r\u00e9ticence qu\u2019il attribue \u00e0 l\u2019impact des r\u00e9seaux sociaux o\u00f9 des alertes contre la vaccination pullulent.<\/p>\n<p style=\"text-align: justify;\">Malgr\u00e9 tout, soutient le membre du gouvernement, le Cameroun poursuit toujours son objectif global d\u2019atteindre 20% de taux de couverture vaccinale d\u2019ici d\u00e9cembre 2021. C\u2019est-\u00e0-dire vacciner 5 millions de camerounais.\u00a0<em>\u00ab\u00a0Nous sommes en train de courir derri\u00e8re cet objectif. Tant qu\u2019on n\u2019a pas atteint cet objectif d\u2019une couverture minimale de 80% pour pouvoir garantir une immunit\u00e9 collective aux populations camerounaises, il faut aller se faire vacciner<\/em>\u00a0\u00bb, encourage le <strong>Minsant\u00e9<\/strong>.<\/p>\n<p>Cet article <a rel=\"nofollow\" href=\"https:\/\/www.journalducameroun.com\/cameroun-yaounde-douala-et-bafoussam-plus-reticents-au-vaccin-anti-covid-19-cameroun\/\">Cameroun : Yaound\u00e9, Douala et Bafoussam plus r\u00e9ticents au vaccin anti Covid-19<\/a> est apparu en premier sur <a rel=\"nofollow\" href=\"https:\/\/www.journalducameroun.com\/\">Journal du Cameroun<\/a>.<\/p>\n<\/div>\n<p>Auteur: Christian DJIMADEU<br \/>\n<a href=\"https:\/\/www.journalducameroun.com\/cameroun-yaounde-douala-et-bafoussam-plus-reticents-au-vaccin-anti-covid-19-cameroun\/\">Cliquez ici pour lire l&rsquo;article depuis sa source.<\/a><\/p>\n","protected":false},"excerpt":{"rendered":"<p>La campagne intensive de vaccination \u00a0contre la Covid-19 a attir\u00e9 du beau monde dans l\u2019arri\u00e8re-pays, contrairement aux grands centres urbains o\u00f9 des r\u00e9ticences persistent. Du 7 au 16 juillet 2021 la campagne intensive a permis de vacciner 310 mille personnes contre le virus mortel du Covid-19. C\u2019est ce que laisse entendre le ministre de la [&hellip;]<\/p>\n","protected":false},"author":1965,"featured_media":0,"comment_status":"closed","ping_status":"closed","sticky":false,"template":"","format":"standard","meta":{"fifu_image_url":"https:\/\/www.journalducameroun.com\/wp-content\/uploads\/2021\/04\/117598679_gettyimages-1306322944.jpg","fifu_image_alt":"Cameroun : Yaound\u00e9, Douala et Bafoussam plus r\u00e9ticents au vaccin anti Covid-19","footnotes":""},"categories":[73,82],"tags":[],"class_list":["post-122058","post","type-post","status-publish","format-standard","hentry","category-actualite","category-cameroun"],"_links":{"self":[{"href":"https:\/\/linitiative.ca\/International\/wp-json\/wp\/v2\/posts\/122058","targetHints":{"allow":["GET"]}}],"collection":[{"href":"https:\/\/linitiative.ca\/International\/wp-json\/wp\/v2\/posts"}],"about":[{"href":"https:\/\/linitiative.ca\/International\/wp-json\/wp\/v2\/types\/post"}],"author":[{"embeddable":true,"href":"https:\/\/linitiative.ca\/International\/wp-json\/wp\/v2\/users\/1965"}],"replies":[{"embeddable":true,"href":"https:\/\/linitiative.ca\/International\/wp-json\/wp\/v2\/comments?post=122058"}],"version-history":[{"count":0,"href":"https:\/\/linitiative.ca\/International\/wp-json\/wp\/v2\/posts\/122058\/revisions"}],"wp:attachment":[{"href":"https:\/\/linitiative.ca\/International\/wp-json\/wp\/v2\/media?parent=122058"}],"wp:term":[{"taxonomy":"category","embeddable":true,"href":"https:\/\/linitiative.ca\/International\/wp-json\/wp\/v2\/categories?post=122058"},{"taxonomy":"post_tag","embeddable":true,"href":"https:\/\/linitiative.ca\/International\/wp-json\/wp\/v2\/tags?post=122058"}],"curies":[{"name":"wp","href":"https:\/\/api.w.org\/{rel}","templated":true}]}}