{"id":122062,"date":"2021-07-21T13:18:02","date_gmt":"2021-07-21T17:18:02","guid":{"rendered":"https:\/\/linitiative.ca\/International\/cote-divoire-le-gouvernement-annonce-une-revision-sur-la-norme-du-pain\/"},"modified":"2021-07-21T13:18:02","modified_gmt":"2021-07-21T17:18:02","slug":"cote-divoire-le-gouvernement-annonce-une-revision-sur-la-norme-du-pain","status":"publish","type":"post","link":"https:\/\/linitiative.ca\/International\/cote-divoire-le-gouvernement-annonce-une-revision-sur-la-norme-du-pain\/","title":{"rendered":"C\u00f4te d\u2019Ivoire: le gouvernement annonce une \u00ab\u00a0r\u00e9vision sur la norme du pain\u00a0\u00bb"},"content":{"rendered":"<div>\n<p><img loading=\"lazy\" decoding=\"async\" width=\"810\" height=\"424\" src=\"https:\/\/linitiative.ca\/International\/wp-content\/uploads\/sites\/23\/2021\/07\/16268878829043.jpg\" class=\"attachment-post-thumbnail size-post-thumbnail wp-post-image\" alt=\"\" srcset=\"https:\/\/linitiative.ca\/International\/wp-content\/uploads\/sites\/23\/2021\/07\/16268878829043.jpg 810w, https:\/\/www.journalducameroun.com\/wp-content\/uploads\/2021\/07\/16268878829043-300x157.jpg 300w, https:\/\/www.journalducameroun.com\/wp-content\/uploads\/2021\/07\/16268878829043-768x402.jpg 768w, https:\/\/www.journalducameroun.com\/wp-content\/uploads\/2021\/07\/16268878829043-600x314.jpg 600w\" sizes=\"auto, (max-width: 810px) 100vw, 810px\"><\/p>\n<p>Le porte-parole du gouvernement ivoirien, Amadou Coulibaly, a annonc\u00e9 mercredi une \u00ab\u00a0r\u00e9vision sur la norme du pain\u00a0\u00bb avec l&rsquo;introduction d&rsquo;autres intrants produits localement, \u00e0 l&rsquo;issue d&rsquo;un Conseil des ministres.\u00a0\u00bbDans l&rsquo;ensemble des dispositions qui ont \u00e9t\u00e9 annonc\u00e9es, il a \u00e9t\u00e9 question notamment de revoir la norme du pain en C\u00f4te d&rsquo;Ivoire, de fa\u00e7on \u00e0 ce qu&rsquo;on puisse autoriser l&rsquo;introduction d&rsquo;autres intrants produits localement\u00a0\u00bb, a dit M. Amadou Coulibaly \u00e0 la presse.\u00a0<\/p>\n<p>Cela, dira-t-il, vise \u00e0 \u00ab\u00a0r\u00e9duire la teneur en bl\u00e9 sans pourtant changer la qualit\u00e9\u00a0\u00bb du pain. Une fois que ce travail technique sera fait, les consommateurs seront \u00ab\u00a0rassur\u00e9s d&rsquo;avoir du pain de qualit\u00e9 avec un co\u00fbt de revenu qui soit moins \u00e9lev\u00e9\u00a0\u00bb. \u00a0<\/p>\n<p>Les acteurs du secteur de la boulangerie avaient menac\u00e9 d&rsquo;augmenter le prix du pain au mois de mai dernier, face au co\u00fbt \u00e9lev\u00e9 de la farine et qui ne leur permettait pas de rentrer dans dans leur fonds.<\/p>\n<p>Le minist\u00e8re du Commerce et de l&rsquo;industrie avait rencontr\u00e9 les acteurs du secteur suite aux vell\u00e9it\u00e9s de hausse du prix du pain afin qu&rsquo;ils ne rel\u00e8vent pas le co\u00fbt de la baguette de pain, demandant aux meuniers de \u00ab\u00a0g\u00e9ler les prix de la farine boulang\u00e8re de type 55\u00a0\u00bb.\u00a0<\/p>\n<p>Le prix de la tonne de bl\u00e9 est pass\u00e9 de 250 euros en janvier 2021 \u00e0 300 euros en juillet 2021, soit une hausse de 20%, combin\u00e9e \u00e0 une hausse du co\u00fbt de fret de 20%, alors que le prix de la tonne de farine de bl\u00e9 n&rsquo;a augment\u00e9 que de 5% entre janvier et juillet 2021.\u00a0<\/p>\n<p>Cet article <a rel=\"nofollow\" href=\"https:\/\/www.journalducameroun.com\/cote-divoire-le-gouvernement-annonce-une-revision-sur-la-norme-du-pain\/\">C\u00f4te d\u2019Ivoire: le gouvernement annonce une \u00ab\u00a0r\u00e9vision sur la norme du pain\u00a0\u00bb<\/a> est apparu en premier sur <a rel=\"nofollow\" href=\"https:\/\/www.journalducameroun.com\/\">Journal du Cameroun<\/a>.<\/p>\n<\/div>\n<p>Auteur: APA News<br \/>\n<a href=\"https:\/\/www.journalducameroun.com\/cote-divoire-le-gouvernement-annonce-une-revision-sur-la-norme-du-pain\/\">Cliquez ici pour lire l&rsquo;article depuis sa source.<\/a><\/p>\n","protected":false},"excerpt":{"rendered":"<p>Le porte-parole du gouvernement ivoirien, Amadou Coulibaly, a annonc\u00e9 mercredi une \u00ab\u00a0r\u00e9vision sur la norme du pain\u00a0\u00bb avec l&rsquo;introduction d&rsquo;autres intrants produits localement, \u00e0 l&rsquo;issue d&rsquo;un Conseil des ministres.\u00a0\u00bbDans l&rsquo;ensemble des dispositions qui ont \u00e9t\u00e9 annonc\u00e9es, il a \u00e9t\u00e9 question notamment de revoir la norme du pain en C\u00f4te d&rsquo;Ivoire, de fa\u00e7on \u00e0 ce qu&rsquo;on [&hellip;]<\/p>\n","protected":false},"author":1965,"featured_media":0,"comment_status":"closed","ping_status":"closed","sticky":false,"template":"","format":"standard","meta":{"fifu_image_url":"https:\/\/www.journalducameroun.com\/wp-content\/uploads\/2021\/07\/16268878829043.jpg","fifu_image_alt":"C\u00f4te d\u2019Ivoire: le gouvernement annonce une \u00ab\u00a0r\u00e9vision sur la norme du pain\u00a0\u00bb","footnotes":""},"categories":[73,82],"tags":[],"class_list":["post-122062","post","type-post","status-publish","format-standard","hentry","category-actualite","category-cameroun"],"_links":{"self":[{"href":"https:\/\/linitiative.ca\/International\/wp-json\/wp\/v2\/posts\/122062","targetHints":{"allow":["GET"]}}],"collection":[{"href":"https:\/\/linitiative.ca\/International\/wp-json\/wp\/v2\/posts"}],"about":[{"href":"https:\/\/linitiative.ca\/International\/wp-json\/wp\/v2\/types\/post"}],"author":[{"embeddable":true,"href":"https:\/\/linitiative.ca\/International\/wp-json\/wp\/v2\/users\/1965"}],"replies":[{"embeddable":true,"href":"https:\/\/linitiative.ca\/International\/wp-json\/wp\/v2\/comments?post=122062"}],"version-history":[{"count":0,"href":"https:\/\/linitiative.ca\/International\/wp-json\/wp\/v2\/posts\/122062\/revisions"}],"wp:attachment":[{"href":"https:\/\/linitiative.ca\/International\/wp-json\/wp\/v2\/media?parent=122062"}],"wp:term":[{"taxonomy":"category","embeddable":true,"href":"https:\/\/linitiative.ca\/International\/wp-json\/wp\/v2\/categories?post=122062"},{"taxonomy":"post_tag","embeddable":true,"href":"https:\/\/linitiative.ca\/International\/wp-json\/wp\/v2\/tags?post=122062"}],"curies":[{"name":"wp","href":"https:\/\/api.w.org\/{rel}","templated":true}]}}