{"id":122064,"date":"2021-07-21T10:31:57","date_gmt":"2021-07-21T14:31:57","guid":{"rendered":"https:\/\/linitiative.ca\/International\/affaire-mebe-ngoo-lex-mindef-sexplique-sur-le-detournement-de-la-somme-de-13-milliard-de-f\/"},"modified":"2021-07-21T10:31:57","modified_gmt":"2021-07-21T14:31:57","slug":"affaire-mebe-ngoo-lex-mindef-sexplique-sur-le-detournement-de-la-somme-de-13-milliard-de-f","status":"publish","type":"post","link":"https:\/\/linitiative.ca\/International\/affaire-mebe-ngoo-lex-mindef-sexplique-sur-le-detournement-de-la-somme-de-13-milliard-de-f\/","title":{"rendered":"Affaire Mebe Ngo\u2019o : l\u2019ex-Mindef s\u2019explique sur le d\u00e9tournement de la somme de 1,3 milliard de F"},"content":{"rendered":"<div><div data-elementor-type=\"wp-post\" data-elementor-id=\"28979\" class=\"elementor elementor-28979\" data-elementor-settings=\"[]\">\n\t\t\t\t\t\t<div class=\"elementor-inner\">\n\t\t\t\t\t\t\t<div class=\"elementor-section-wrap\">\n\t\t\t\t\t\t\t<section class=\"has_ae_slider elementor-section elementor-top-section elementor-element elementor-element-5f50361e elementor-section-boxed elementor-section-height-default elementor-section-height-default ae-bg-gallery-type-default\" data-particle_enable=\"false\" data-particle-mobile-disabled=\"false\" data-id=\"5f50361e\" data-element_type=\"section\" data-settings='{\"ekit_has_onepagescroll_dot\":\"yes\"}'>\n\t\t\t\t\t\t<div class=\"elementor-container elementor-column-gap-default\">\n\t\t\t\t\t\t\t<div class=\"elementor-row\">\n\t\t\t\t\t<div class=\"has_ae_slider elementor-column elementor-col-100 elementor-top-column elementor-element elementor-element-7de5a26f ae-bg-gallery-type-default\" data-id=\"7de5a26f\" data-element_type=\"column\">\n\t\t\t<div class=\"elementor-column-wrap elementor-element-populated\">\n\t\t\t\t\t\t\t<div class=\"elementor-widget-wrap\">\n\t\t\t\t\t\t<div class=\"elementor-element elementor-element-4e2eb3d0 elementor-widget elementor-widget-text-editor\" data-id=\"4e2eb3d0\" data-element_type=\"widget\" data-settings='{\"ekit_we_effect_on\":\"none\"}' data-widget_type=\"text-editor.default\">\n\t\t\t\t<div class=\"elementor-widget-container\">\n\t\t\t\t\t<div class=\"elementor-text-editor elementor-clearfix\">\n<p>La d\u00e9cision de d\u00e9blocage de fonds\u00a0\u00ab\u00a0sans pi\u00e8ces d\u2019emploi\u00a0\u00bb\u00a0n\u2019est pas sans justification. Entendu \u00e0 l\u2019audience du 15 juillet dernier au Tribunal criminel sp\u00e9cial (Tcs), Edgard Alain expose sur ces fonds querell\u00e9s. En sa qualit\u00e9 d\u2019ex-ministre d\u00e9l\u00e9gu\u00e9 \u00e0 la Pr\u00e9sidence charg\u00e9 de la D\u00e9fense (Mindef), il note que lesdits fonds ont servi \u00e0 l\u2019organisation de la f\u00eate du 20 mai 2012.\u00a0Ces cr\u00e9dits ont \u00e9t\u00e9 r\u00e9partis en 02 parties\u00a0:\u00a0\u00ab\u00a0Une partie pour l\u2019achat des \u00e9quipements Hcca (Habillage, couchage, camouflage, ameublement,\u00a0Ndlr\u00a0; L\u2019autre partie avait vocation \u00e0 \u00eatre d\u00e9bloqu\u00e9e en esp\u00e8ce pour \u00eatre mis \u00e0 la disposition des responsables militaires pour la pr\u00e9paration mat\u00e9rielle du 20 mai.\u00a0\u00bb<\/p>\n\n\n\n<p><strong>Lire aussi<\/strong> : <strong><a href=\"https:\/\/ecomatin.net\/operation-epervier-mebe-ngoo-accuse-lanif-davoir-produit-une-correspondance-mensongere-pour-motiver-son-arrestation\/\">Op\u00e9ration \u00e9pervier : pourquoi Mebe Ngo\u2019o accuse l\u2019Anif<\/a><\/strong><\/p>\n\n\n\n<p>La d\u00e9cision de d\u00e9blocage des fonds\u00a0\u00ab\u00a0sans pi\u00e8ces d\u2019emploi\u00a0\u00bbporte sur un montant de 01 milliard 300 millions Fcfa. Devant la coll\u00e9gialit\u00e9 du Tcs, Edgard Alain souligne que les fonds en cause sont mis \u00e0 la disposition de\u00a0tous les responsables militaires au plan national et international. L\u2019octroi des fonds est pr\u00e9c\u00e9d\u00e9 de l\u2019expression pr\u00e9alable des besoins par chaque requ\u00e9rant. Eu \u00e9gard \u00e0 la dimension restreinte des ressources financi\u00e8res par rapport aux besoins, le Mindef dit avoir proc\u00e9d\u00e9 \u00e0 des arbitrages. Et de clamer\u00a0:\u00a0\u00ab\u00a0cet argent n\u2019a pas \u00e9t\u00e9 d\u00e9tourn\u00e9. Les pi\u00e8ces sont aux services des affaires g\u00e9n\u00e9rales o\u00f9 se trouvent \u00e9galement les affaires de la soci\u00e9t\u00e9 Limousine prestige.\u00a0\u00bb<\/p>\n\n\n\n<p><strong>Complicit\u00e9 all\u00e9gu\u00e9e du couple<\/strong><\/p>\n\n\n\n<p>\u00a0Dans l\u2019ordonnance de renvoi, Edgard Alain Mebe Ngo\u2019o est poursuivi, en partie\u00a0\u00a0pour\u00a0d\u00e9tournement de bien public en complicit\u00e9\u00a0avec son \u00e9pouse. L\u2019accus\u00e9 Bernadette Minla Nkoulou aurait, d\u2019apr\u00e8s l\u2019accusation, b\u00e9n\u00e9fici\u00e9 de cet argent. Et ce, par le biais de la soci\u00e9t\u00e9 Limousine prestige, dont elle est la promotrice. Face \u00e0 la coll\u00e9gialit\u00e9, Edgard Alain Mebe Ngo\u2019o continue de nier les faits qui lui sont reproch\u00e9s\u00a0:\u00a0\u00ab\u00a0Le Mindef ne passe pas le temps \u00e0 r\u00e9fl\u00e9chir \u00e0 comment d\u00e9tourner de l\u2019argent. Mais, il travaille \u00e0 la mise en condition op\u00e9rationnelle et mat\u00e9rielle des hommes\u00a0\u00bb.<\/p>\n\n\n\n<p>Edgard Alain Mebe Ngo\u2019o est une fois de plus interrog\u00e9 sur le chef de d\u00e9tournement pr\u00e9sum\u00e9 \u00e0 l\u2019occasion des march\u00e9s sp\u00e9ciaux.<\/p>\n\n\n\n<p><strong>Lire aussi<\/strong> : <strong><a href=\"https:\/\/ecomatin.net\/tcs-edgard-alain-mebe-ngoo-remet-en-cause-la-pertinence-des-accusations-du-ministere-public\/\">TCS : Edgard Alain Mebe Ngo\u2019o remet en cause la pertinence des accusations du Minist\u00e8re public<\/a><\/strong><\/p>\n\n\n\n<p>Pour l\u2019ann\u00e9e 2015, 13 march\u00e9s sont r\u00e9pertori\u00e9s. 10 de ces march\u00e9s sont dits fictifs. En outre, 02 sont \u00e0 la fois\u00a0\u00ab\u00a0fictifs\u00a0\u00bb\u00a0et\u00a0\u00ab\u00a0surfactur\u00e9s\u00a0\u00bb.\u00a0Le montant total du d\u00e9tournement par surfacturation est de 122 480 964 Fcfa. La somme de 368 557 107 Fcfa aurait \u00e9t\u00e9 distraite par le biais des march\u00e9s\u00a0\u00ab\u00a0fictifs\u00a0\u00bb. Le total du d\u00e9tournement all\u00e9gu\u00e9 des march\u00e9s \u00e0 la fois dit fictifs et surfactur\u00e9s\u00a0est de : 491\u00a0038 071 Fcfa.<\/p>\n\n\n\n<p><strong>Signature des march\u00e9s<\/strong><\/p>\n\n\n\n<p>L\u2019accus\u00e9 Mebe Ngo\u2019o note pour le d\u00e9plorer le fait que ces d\u00e9tournements sont prononc\u00e9s,\u00a0\u00ab\u00a0nonobstant toutes les pr\u00e9cautions qui sont pr\u00e9vues dans le processus d\u2019ex\u00e9cution de la commande publique.\u00a0\u00bb\u00a0A cet effet, l\u2019ex-Mindef va valoir l\u2019id\u00e9e selon laquelle, le d\u00e9tournement r\u00e9sulterait d\u2019une \u0153uvre collective, si jamais, l\u2019infraction aurait \u00e9t\u00e9 r\u00e9ellement commise.\u00a0\u00ab\u00a0Nous devons \u00eatre ici dans le box avec tous les acteurs de la chaine de l\u2019ex\u00e9cution de la commande publique. L\u2019ordonnateur d\u00e9l\u00e9gu\u00e9 \u00e0 qui je ne reproche rien, le contr\u00f4leur financier qui travaille en toute ind\u00e9pendance, le comptable\u2026 Ils devraient \u00eatre cit\u00e9s comme complice.\u00a0\u00bb<\/p>\n\n\n\n<p><strong>Lire aussi<\/strong> : <strong><a href=\"https:\/\/ecomatin.net\/operation-epervier-nouvelles-accusations-de-mebe-ngoo-contre-le-dg-de-lanif\/\">Op\u00e9ration \u00e9pervier : nouvelles accusations de Mebe Ngo\u2019o contre le Dg de l\u2019Anif<\/a><\/strong><\/p>\n\n\n\n<p>Edgard Alain Mebe Ngo\u2019o poursuit ses observations sur les documents lui sont soumis.\u00a0Il s\u2019agit du cr\u00e9dit de paiement d\u2019un montant de 39 729\u00a0600 Fcfa. Ensuite, l\u2019ordonnance de paiement. D\u2019apr\u00e8s le mis en cause, ce document\u00a0\u00a0comporte le visa du contr\u00f4leur financier, Akoa Akoa Samuel, avec mention\u00a0\u00ab\u00a0d\u00e9pense valid\u00e9e\u00a0\u00bb. Il porte \u00e9galement la signature de l\u2019ordonnateur d\u00e9l\u00e9gu\u00e9, le capitaine de vaisseau, Djou Atangana Alphonse Marie. Ce qui valide accr\u00e9dite et valide\u00a0\u00ab\u00a0la r\u00e9gularit\u00e9 et la conformit\u00e9 des march\u00e9s\u00a0\u00bb. L\u2019imprim\u00e9 de la demande de proc\u00e9dure simplifi\u00e9e, est pass\u00e9 en revue.\u00a0\u00ab\u00a0Il porte la signature\u00a0\u00a0de l\u2019ordonnateur d\u00e9l\u00e9gu\u00e9 et du contr\u00f4leur financier. Le bon d\u2019engagement est sign\u00e9 \u00e0 la fois de l\u2019ordonnateur d\u00e9l\u00e9gu\u00e9 et du contr\u00f4leur financier. Il y a \u00e9galement la signature du comptable\u00a0\u00bb, pr\u00e9cise Edgard Alain Mebe Ngo\u2019o, non moins auteur de la signature de la\u00a0\u00a0d\u00e9cision de d\u00e9blocage des fonds.\u00a0\u00ab\u00a0 Elle est post\u00e9rieure \u00e0 la signature des march\u00e9s\u00bb, a-t-il tenu \u00e0 ajouter, non sans souligner que,\u00a0\u00ab\u00a0les march\u00e9s sont sign\u00e9s par mes soins lorsqu\u2019ils n\u2019exc\u00e8dent pas 200 millions Fcfa\u00a0\u00bb.<\/p>\n\n\n\n<p><strong>Lire aussi<\/strong> : <strong><a href=\"https:\/\/ecomatin.net\/affaire-mebe-ngoo-comment-victor-menye-a-fait-de-scb-la-plaque-tournante-des-operations-de-detournement\/\">Affaire Mebe Ngo\u2019o : comment Victor Menye a fait de SCB la \u00ab plaque tournante \u00bb des op\u00e9rations de d\u00e9tournement<\/a><\/strong><\/p>\n\n\n\n<p>L\u2019audience du 15 juillet de l\u2019ann\u00e9e en cours a \u00e9t\u00e9 suspendue au terme de l\u2019audition du principal accus\u00e9. La cause est renvoy\u00e9e au 25 et 27 ao\u00fbt prochains. Elle reprendra les 07 et 08 septembre de l\u2019ann\u00e9e en cours.\u00a0<\/p>\n<\/div>\n\t\t\t\t<\/div>\n\t\t\t\t<\/div>\n\t\t\t\t\t\t<\/div>\n\t\t\t\t\t<\/div>\n\t\t<\/div>\n\t\t\t\t\t\t\t\t<\/div>\n\t\t\t\t\t<\/div>\n\t\t<\/section>\n\t\t\t\t<section class=\"has_ae_slider elementor-section elementor-top-section elementor-element elementor-element-bdf43aa elementor-section-boxed elementor-section-height-default elementor-section-height-default ae-bg-gallery-type-default\" data-particle_enable=\"false\" data-particle-mobile-disabled=\"false\" data-id=\"bdf43aa\" data-element_type=\"section\" data-settings='{\"background_background\":\"classic\",\"ekit_has_onepagescroll_dot\":\"yes\"}'>\n\t\t\t\t\t\t<div class=\"elementor-container elementor-column-gap-default\">\n\t\t\t\t\t\t\t<div class=\"elementor-row\">\n\t\t\t\t\t<div class=\"has_ae_slider elementor-column elementor-col-100 elementor-top-column elementor-element elementor-element-93c44e5 ae-bg-gallery-type-default\" data-id=\"93c44e5\" data-element_type=\"column\">\n\t\t\t<div class=\"elementor-column-wrap elementor-element-populated\">\n\t\t\t\t\t\t\t<div class=\"elementor-widget-wrap\">\n\t\t\t\t\t\t<div class=\"elementor-element elementor-element-f25cb29 elementor-widget elementor-widget-heading\" data-id=\"f25cb29\" data-element_type=\"widget\" data-settings='{\"ekit_we_effect_on\":\"none\"}' data-widget_type=\"heading.default\">\n\t\t\t\t<div class=\"elementor-widget-container\">\n\t\t\t<h3 class=\"elementor-heading-title elementor-size-default\">Les march\u00e9s sp\u00e9ciaux dits fictifs <\/h3>\t\t<\/div>\n\t\t\t\t<\/div>\n\t\t\t\t<section class=\"has_ae_slider elementor-section elementor-inner-section elementor-element elementor-element-ac1913d elementor-section-boxed elementor-section-height-default elementor-section-height-default ae-bg-gallery-type-default\" data-particle_enable=\"false\" data-particle-mobile-disabled=\"false\" data-id=\"ac1913d\" data-element_type=\"section\" data-settings='{\"ekit_has_onepagescroll_dot\":\"yes\"}'>\n\t\t\t\t\t\t<div class=\"elementor-container elementor-column-gap-default\">\n\t\t\t\t\t\t\t<div class=\"elementor-row\">\n\t\t\t\t\t<div class=\"has_ae_slider elementor-column elementor-col-50 elementor-inner-column elementor-element elementor-element-6fbd26a ae-bg-gallery-type-default\" data-id=\"6fbd26a\" data-element_type=\"column\">\n\t\t\t<div class=\"elementor-column-wrap elementor-element-populated\">\n\t\t\t\t\t\t\t<div class=\"elementor-widget-wrap\">\n\t\t\t\t\t\t<div class=\"elementor-element elementor-element-f48d4ce elementor-widget elementor-widget-text-editor\" data-id=\"f48d4ce\" data-element_type=\"widget\" data-settings='{\"ekit_we_effect_on\":\"none\"}' data-widget_type=\"text-editor.default\">\n\t\t\t\t<div class=\"elementor-widget-container\">\n\t\t\t\t\t<div class=\"elementor-text-editor elementor-clearfix\"><p><span lang=\"FR\">Cote R-1795 montant : 148 500 269 Fcfa\u00a0<\/span><\/p>\n<p><span lang=\"FR\">Cote R-1796 montant : 42\u00a0\u00a0988 797 Fcfa\u00a0<\/span><\/p>\n<p><span lang=\"FR\">Cote R- 1797 montant : 48 100 Fcfa\u00a0<\/span><\/p>\n<p><span lang=\"FR\">Cote R-1798 montant : 44 800 Fcfa\u00a0<\/span><\/p>\n<p><span lang=\"FR\">Cote R-1799 montant : 184 555 108 Fcfa\u00a0<\/span><\/p>\n<p><span lang=\"FR\">Cote R-1100 montant : 43 530 Fcfa\u00a0<\/span><\/p><\/div>\n\t\t\t\t<\/div>\n\t\t\t\t<\/div>\n\t\t\t\t\t\t<\/div>\n\t\t\t\t\t<\/div>\n\t\t<\/div>\n\t\t\t\t<div class=\"has_ae_slider elementor-column elementor-col-50 elementor-inner-column elementor-element elementor-element-7403925 ae-bg-gallery-type-default\" data-id=\"7403925\" data-element_type=\"column\">\n\t\t\t<div class=\"elementor-column-wrap elementor-element-populated\">\n\t\t\t\t\t\t\t<div class=\"elementor-widget-wrap\">\n\t\t\t\t\t\t<div class=\"elementor-element elementor-element-7216351 elementor-widget elementor-widget-text-editor\" data-id=\"7216351\" data-element_type=\"widget\" data-settings='{\"ekit_we_effect_on\":\"none\"}' data-widget_type=\"text-editor.default\">\n\t\t\t\t<div class=\"elementor-widget-container\">\n\t\t\t\t\t<div class=\"elementor-text-editor elementor-clearfix\"><p><span lang=\"FR\">Cote R-1101 montant\u00a0: 43 530 Fcfa\u00a0;<\/span><\/p>\n<p><span lang=\"FR\">Cote R-1102 montant : 54 152\u00a0\u00a0600 Fcfa\u00a0<\/span><\/p>\n<p><span lang=\"FR\">Cote R-1103 montant : 38,498 millions Fcfa\u00a0<\/span><\/p>\n<p><span lang=\"FR\">Cote R-1784 montant : 168 622 481 Fcfa\u00a0<\/span><\/p>\n<p><span lang=\"FR\">Cote R-1785 montant : 199 934 626 Fcfa<\/span><\/p><\/div>\n\t\t\t\t<\/div>\n\t\t\t\t<\/div>\n\t\t\t\t\t\t<\/div>\n\t\t\t\t\t<\/div>\n\t\t<\/div>\n\t\t\t\t\t\t\t\t<\/div>\n\t\t\t\t\t<\/div>\n\t\t<\/section>\n\t\t\t\t\t\t<\/div>\n\t\t\t\t\t<\/div>\n\t\t<\/div>\n\t\t\t\t\t\t\t\t<\/div>\n\t\t\t\t\t<\/div>\n\t\t<\/section>\n\t\t\t\t\t\t<\/div>\n\t\t\t\t\t\t<\/div>\n\t\t\t\t\t<\/div>\n\t\t<p>L\u2019article <a rel=\"nofollow\" href=\"https:\/\/ecomatin.net\/affaire-mebe-ngoo-lex-mindef-sexplique-sur-le-detournement-de-la-somme-de-13-milliard-de-f\/\">Affaire Mebe Ngo\u2019o : l\u2019ex-Mindef s\u2019explique sur le d\u00e9tournement de la somme de 1,3 milliard de F<\/a> est apparu en premier sur <a rel=\"nofollow\" href=\"https:\/\/ecomatin.net\/\">EcoMatin<\/a>.<\/p><\/div>\r\nAuteur: EcoMatin\r\n<a href=\"https:\/\/ecomatin.net\/affaire-mebe-ngoo-lex-mindef-sexplique-sur-le-detournement-de-la-somme-de-13-milliard-de-f\/\">Cliquez ici pour lire l&rsquo;article depuis sa source.<\/a><br \/>","protected":false},"excerpt":{"rendered":"<p>La d\u00e9cision de d\u00e9blocage de fonds\u00a0\u00ab\u00a0sans pi\u00e8ces d\u2019emploi\u00a0\u00bb\u00a0n\u2019est pas sans justification. Entendu \u00e0 l\u2019audience du 15 juillet dernier au Tribunal criminel sp\u00e9cial (Tcs), Edgard Alain expose sur ces fonds querell\u00e9s. En sa qualit\u00e9 d\u2019ex-ministre d\u00e9l\u00e9gu\u00e9 \u00e0 la Pr\u00e9sidence charg\u00e9 de la D\u00e9fense (Mindef), il note que lesdits fonds ont servi \u00e0 l\u2019organisation de la f\u00eate [&hellip;]<\/p>\n","protected":false},"author":1969,"featured_media":0,"comment_status":"closed","ping_status":"closed","sticky":false,"template":"","format":"standard","meta":{"fifu_image_url":"","fifu_image_alt":"","footnotes":""},"categories":[82,78],"tags":[],"class_list":["post-122064","post","type-post","status-publish","format-standard","hentry","category-cameroun","category-economie"],"_links":{"self":[{"href":"https:\/\/linitiative.ca\/International\/wp-json\/wp\/v2\/posts\/122064","targetHints":{"allow":["GET"]}}],"collection":[{"href":"https:\/\/linitiative.ca\/International\/wp-json\/wp\/v2\/posts"}],"about":[{"href":"https:\/\/linitiative.ca\/International\/wp-json\/wp\/v2\/types\/post"}],"author":[{"embeddable":true,"href":"https:\/\/linitiative.ca\/International\/wp-json\/wp\/v2\/users\/1969"}],"replies":[{"embeddable":true,"href":"https:\/\/linitiative.ca\/International\/wp-json\/wp\/v2\/comments?post=122064"}],"version-history":[{"count":0,"href":"https:\/\/linitiative.ca\/International\/wp-json\/wp\/v2\/posts\/122064\/revisions"}],"wp:attachment":[{"href":"https:\/\/linitiative.ca\/International\/wp-json\/wp\/v2\/media?parent=122064"}],"wp:term":[{"taxonomy":"category","embeddable":true,"href":"https:\/\/linitiative.ca\/International\/wp-json\/wp\/v2\/categories?post=122064"},{"taxonomy":"post_tag","embeddable":true,"href":"https:\/\/linitiative.ca\/International\/wp-json\/wp\/v2\/tags?post=122064"}],"curies":[{"name":"wp","href":"https:\/\/api.w.org\/{rel}","templated":true}]}}