{"id":122065,"date":"2021-07-21T11:35:10","date_gmt":"2021-07-21T15:35:10","guid":{"rendered":"https:\/\/linitiative.ca\/International\/le-cameroun-et-le-gabon-desormais-connectes-par-fibre-optique\/"},"modified":"2021-07-21T11:35:10","modified_gmt":"2021-07-21T15:35:10","slug":"le-cameroun-et-le-gabon-desormais-connectes-par-fibre-optique","status":"publish","type":"post","link":"https:\/\/linitiative.ca\/International\/le-cameroun-et-le-gabon-desormais-connectes-par-fibre-optique\/","title":{"rendered":"Le Cameroun et le Gabon d\u00e9sormais connect\u00e9s par fibre optique"},"content":{"rendered":"<div>\n<p>Au d\u00e9part ce f\u00fbt une id\u00e9e, 10 ans apr\u00e8s le projet voit le jour. Le Gabon et le Cameroun sont d\u00e9sormais interconnect\u00e9s par fibre optique de 96 brins de type G652. La c\u00e9r\u00e9monie de lancement a eu lieu \u00e0 Bitam au Gabon du 14 au 17 juillet 2021, en pr\u00e9sence du ministre camerounais des Postes et des T\u00e9l\u00e9communications Libom Li Likeng et de son homologue Gabonais Edgard Anicet Mboumbou Miyakou. \u00ab L\u2019acte que nous posons aujourd\u2019hui est une \u00e9tape majeure de la coop\u00e9ration entre la R\u00e9publique du Cameroun et la R\u00e9publique Gabonaise en mati\u00e8re d\u2019interconnexion des r\u00e9seaux de transmission \u00e0 fibre optique. Il doit \u00eatre salu\u00e9 \u00e0 sa juste dimension \u00bb, a d\u00e9clar\u00e9 le ministre d\u2019Etat, ministre de la communication et de l\u2019\u00e9conomie num\u00e9rique de la R\u00e9publique Gabonaise Edgard Anicet Mboumbou Miyakou.<\/p>\n<p><strong>Lire aussi<\/strong> : <strong><a href=\"https:\/\/ecomatin.net\/camtel-sollicite-lexpertise-de-mtn-pour-commercialiser-la-fibre-optique-au-cameroun-et-dans-la-cemac\/\">Camtel sollicite l\u2019expertise de MTN pour commercialiser la fibre optique au Cameroun et dans la Cemac<\/a><\/strong><\/p>\n<p>La fibre optique pos\u00e9e sous terre va de la ville de Bitam au Gabon jusqu\u2019\u00e0 Kye-Ossi au Cameroun. Elle couvre ainsi une distance totale de 22 km permettant de relier les r\u00e9seaux de transport de t\u00e9l\u00e9communications des deux pays. En terme d\u2018opportunit\u00e9s et de retomb\u00e9es, cette infrastructure moderne de derni\u00e8re g\u00e9n\u00e9ration va favoriser le d\u00e9veloppement de l\u2019\u00e9conomie num\u00e9rique, la r\u00e9duction des co\u00fbts de communication de la sous-r\u00e9gion et l\u2019am\u00e9lioration de la disponibilit\u00e9 des services \u00e0 un taux de 99,99% conforme aux normes de l\u2019Union internationale des T\u00e9l\u00e9communications par la s\u00e9curisation du trafic issue des diff\u00e9rents c\u00e2bles sous-marins entre les deux.<\/p>\n<p>\u00ab Cette c\u00e9r\u00e9monie m\u00e9morable qui se tient ce 15 juillet 2021 \u00e0 M\u00e9yo-Ky\u00e9 (Bitam) au Gabon, est l\u2019aboutissement d\u2019un processus engag\u00e9 depuis deux ans, pour l\u2019interconnexion num\u00e9rique et physique entre nos deux pays, \u00e0 l\u2019effet d\u2019une mutualisation de l\u2019acc\u00e8s \u00e0 l\u2019infrastructure haut d\u00e9bit, et par cons\u00e9quent, de l\u2019am\u00e9lioration cons\u00e9quente du partage d\u2019informations et de donn\u00e9es. C\u2019est donc une avanc\u00e9e importante dans le processus d\u2019int\u00e9gration num\u00e9rique entre le Cameroun et le Gabon \u00bb, s\u2019est satisfait la ministre Minette Libom Li Likeng.<\/p>\n<p><strong>Lire aussi<\/strong> : <strong><a href=\"https:\/\/ecomatin.net\/le-cameroun-et-le-congo-bientot-relies-par-fibre-optique\/\">Le Cameroun et le Congo bient\u00f4t reli\u00e9s par fibre optique<\/a><\/strong><\/p>\n<p>L\u2019infrastructure r\u00e9alis\u00e9e par l\u2019op\u00e9rateur historique Cameroon Telecommunications (Camtel) est donc une aubaine pour le deux pays voisin. \u00abLes deux nations, le Cameroun et la Gabon ont d\u2019abord leurs r\u00e9seaux Backbund nationaux. Mais comme la communication ne se limite pas seulement \u00e0 l\u2019int\u00e9rieur d\u2019un pays, sa a au-del\u00e0 du pays, il \u00e9tait n\u00e9cessaire que les deux pays s\u2019interconnecte, c\u2019est ce que nous avons mis aujourd\u2019hui. C\u2019est-\u00e0-dire que nous avons mis une fibre qui permet l\u2019interconnexion entre le Gabon et le Cameroun. Donc, \u00e0 partir de cette fibre maintenant, le r\u00e9seau Camerounais se trouve \u00e9tendue jusqu\u2019au Gabon et le r\u00e9seau Gabonais se trouve \u00e9tendu jusqu\u2019au Cameroun \u00bb, explique Hyacinthe Christian Lyeb Directeur du d\u00e9partement des syst\u00e8mes d\u2019informations de Camtel.<\/p>\n<p><strong>Lire aussi<\/strong> : <strong><a href=\"https:\/\/ecomatin.net\/fibre-optique-orange-cameroun-denonce-le-monopole-de-camtel\/\">Fibre optique: Orange Cameroun d\u00e9nonce le monopole de Camtel<\/a><\/strong><\/p>\n<p>L\u2019article <a rel=\"nofollow\" href=\"https:\/\/ecomatin.net\/le-cameroun-et-le-gabon-desormais-connectes-par-fibre-optique\/\">Le Cameroun et le Gabon d\u00e9sormais connect\u00e9s par fibre optique<\/a> est apparu en premier sur <a rel=\"nofollow\" href=\"https:\/\/ecomatin.net\/\">EcoMatin<\/a>.<\/p>\n<\/div>\n<p>Auteur: Amina MALLOUM<br \/>\n<a href=\"https:\/\/ecomatin.net\/le-cameroun-et-le-gabon-desormais-connectes-par-fibre-optique\/\">Cliquez ici pour lire l&rsquo;article depuis sa source.<\/a><\/p>\n","protected":false},"excerpt":{"rendered":"<p>Au d\u00e9part ce f\u00fbt une id\u00e9e, 10 ans apr\u00e8s le projet voit le jour. Le Gabon et le Cameroun sont d\u00e9sormais interconnect\u00e9s par fibre optique de 96 brins de type G652. La c\u00e9r\u00e9monie de lancement a eu lieu \u00e0 Bitam au Gabon du 14 au 17 juillet 2021, en pr\u00e9sence du ministre camerounais des Postes [&hellip;]<\/p>\n","protected":false},"author":1969,"featured_media":0,"comment_status":"closed","ping_status":"closed","sticky":false,"template":"","format":"standard","meta":{"fifu_image_url":"","fifu_image_alt":"","footnotes":""},"categories":[82,78],"tags":[],"class_list":["post-122065","post","type-post","status-publish","format-standard","hentry","category-cameroun","category-economie"],"_links":{"self":[{"href":"https:\/\/linitiative.ca\/International\/wp-json\/wp\/v2\/posts\/122065","targetHints":{"allow":["GET"]}}],"collection":[{"href":"https:\/\/linitiative.ca\/International\/wp-json\/wp\/v2\/posts"}],"about":[{"href":"https:\/\/linitiative.ca\/International\/wp-json\/wp\/v2\/types\/post"}],"author":[{"embeddable":true,"href":"https:\/\/linitiative.ca\/International\/wp-json\/wp\/v2\/users\/1969"}],"replies":[{"embeddable":true,"href":"https:\/\/linitiative.ca\/International\/wp-json\/wp\/v2\/comments?post=122065"}],"version-history":[{"count":0,"href":"https:\/\/linitiative.ca\/International\/wp-json\/wp\/v2\/posts\/122065\/revisions"}],"wp:attachment":[{"href":"https:\/\/linitiative.ca\/International\/wp-json\/wp\/v2\/media?parent=122065"}],"wp:term":[{"taxonomy":"category","embeddable":true,"href":"https:\/\/linitiative.ca\/International\/wp-json\/wp\/v2\/categories?post=122065"},{"taxonomy":"post_tag","embeddable":true,"href":"https:\/\/linitiative.ca\/International\/wp-json\/wp\/v2\/tags?post=122065"}],"curies":[{"name":"wp","href":"https:\/\/api.w.org\/{rel}","templated":true}]}}