{"id":122073,"date":"2021-07-22T09:28:14","date_gmt":"2021-07-22T13:28:14","guid":{"rendered":"https:\/\/linitiative.ca\/International\/tanger-9-000-tonnes-de-dechets-collectes-au-1er-jour-dal-aid\/"},"modified":"2021-07-22T09:28:14","modified_gmt":"2021-07-22T13:28:14","slug":"tanger-9-000-tonnes-de-dechets-collectes-au-1er-jour-dal-aid","status":"publish","type":"post","link":"https:\/\/linitiative.ca\/International\/tanger-9-000-tonnes-de-dechets-collectes-au-1er-jour-dal-aid\/","title":{"rendered":"Tanger : 9.000 tonnes de d\u00e9chets collect\u00e9s au 1er jour d\u2019Al A\u00efd"},"content":{"rendered":"<div>\n<p><img decoding=\"async\" width=\"300\" height=\"153\" src=\"https:\/\/linitiative.ca\/International\/wp-content\/uploads\/sites\/23\/2021\/07\/Tanger-dechets-collectes-300x153-1.jpg\" class=\"attachment-medium size-medium wp-post-image\" alt=\"\" loading=\"lazy\" srcset=\"\/\/aujourdhui.ma\/wp-content\/uploads\/2021\/07\/Tanger-dechets-collectes--300x153.jpg 300w, \/\/aujourdhui.ma\/wp-content\/uploads\/2021\/07\/Tanger-dechets-collectes--274x140.jpg 274w, \/\/aujourdhui.ma\/wp-content\/uploads\/2021\/07\/Tanger-dechets-collectes-.jpg 746w, \/\/aujourdhui.ma\/wp-content\/uploads\/2021\/07\/Tanger-dechets-collectes--165x84.jpg 165w, \/\/aujourdhui.ma\/wp-content\/uploads\/2021\/07\/Tanger-dechets-collectes--702x358.jpg 702w\" sizes=\"auto, (max-width: 300px) 100vw, 300px\"><\/p>\n<p><span style=\"font-size: 20px; color: #800000;\"><strong>La quantit\u00e9 de d\u00e9chets m\u00e9nagers collect\u00e9e \u00e0 Tanger, durant le premier jour de l\u2019A\u00efd Al Adha, a atteint environ 9.000 tonnes.<\/strong> <\/span><span id=\"more-382357\"><\/span><\/p>\n<p>Selon la commune de Tanger, cette quantit\u00e9 a \u00e9t\u00e9 collect\u00e9e par les deux soci\u00e9t\u00e9s charg\u00e9es de la gestion d\u00e9l\u00e9gu\u00e9e du service de la propret\u00e9 de la ville, dans le cadre de leur plan d\u2019action visant \u00e0 relever le d\u00e9fi \u00ab ville propre \u00bb durant le premier jour de l\u2019A\u00efd Al Adha, avant minuit. Cette op\u00e9ration a \u00e9t\u00e9 men\u00e9e suivant un programme d\u00e9termin\u00e9, en prenant en compte les exp\u00e9riences des ann\u00e9es pr\u00e9c\u00e9dentes, a indiqu\u00e9 la m\u00eame source, notant que les deux soci\u00e9t\u00e9s ont veill\u00e9 \u00e0 identifier les \u201cpoints noirs\u201d et \u00e0 les traiter au plus vite, \u00e0 collecter les d\u00e9chets rapidement, afin de lutter contre toute propagation d\u2019insectes nuisibles, et \u00e0 renforcer le personnel ainsi que les \u00e9quipements et mat\u00e9riel logistiques pour acc\u00e9l\u00e9rer l\u2019op\u00e9ration de collecte.<\/p>\n<p>Les lieux de collecte des d\u00e9chets au niveau des art\u00e8res et ruelles de la ville ont \u00e9galement \u00e9t\u00e9 nettoy\u00e9s, tout en menant plusieurs op\u00e9rations de d\u00e9sinfection des bennes \u00e0 ordures. Les habitants et les agents de propret\u00e9 ont \u00e9t\u00e9 sensibilis\u00e9s quant \u00e0 cette op\u00e9ration avant l\u2019A\u00efd Al Adha, tandis que l\u2019ensemble des bennes \u00e0 ordures ont \u00e9t\u00e9 vid\u00e9es la veille, de mani\u00e8re \u00e0 permettre de collecter facilement les d\u00e9chets le jour m\u00eame.<\/p>\n<p>Les d\u00e9chets collect\u00e9s ont \u00e9t\u00e9 transport\u00e9s aux centres de transformation mis en place de mani\u00e8re provisoire dans la ville, avant d\u2019\u00eatre transf\u00e9r\u00e9s \u00e0 la d\u00e9charge publique et r\u00e9ussir ainsi le pari \u201cville propre\u201d le jour de l\u2019A\u00efd Al Adha.<\/p>\n<\/div>\n<p>Auteur: ALM<br \/>\n<a href=\"https:\/\/aujourdhui.ma\/societe\/tanger-9-000-tonnes-de-dechets-collectes-au-1er-jour-dal-aid\">Cliquez ici pour lire l&rsquo;article depuis sa source.<\/a><\/p>\n","protected":false},"excerpt":{"rendered":"<p>La quantit\u00e9 de d\u00e9chets m\u00e9nagers collect\u00e9e \u00e0 Tanger, durant le premier jour de l\u2019A\u00efd Al Adha, a atteint environ 9.000 tonnes. Selon la commune de Tanger, cette quantit\u00e9 a \u00e9t\u00e9 collect\u00e9e par les deux soci\u00e9t\u00e9s charg\u00e9es de la gestion d\u00e9l\u00e9gu\u00e9e du service de la propret\u00e9 de la ville, dans le cadre de leur plan d\u2019action [&hellip;]<\/p>\n","protected":false},"author":1759,"featured_media":0,"comment_status":"closed","ping_status":"closed","sticky":false,"template":"","format":"standard","meta":{"fifu_image_url":"https:\/\/aujourdhui.ma\/wp-content\/uploads\/2021\/07\/Tanger-dechets-collectes--300x153.jpg","fifu_image_alt":"Tanger : 9.000 tonnes de d\u00e9chets collect\u00e9s au 1er jour d\u2019Al A\u00efd","footnotes":""},"categories":[73,54],"tags":[],"class_list":["post-122073","post","type-post","status-publish","format-standard","hentry","category-actualite","category-maroc"],"_links":{"self":[{"href":"https:\/\/linitiative.ca\/International\/wp-json\/wp\/v2\/posts\/122073","targetHints":{"allow":["GET"]}}],"collection":[{"href":"https:\/\/linitiative.ca\/International\/wp-json\/wp\/v2\/posts"}],"about":[{"href":"https:\/\/linitiative.ca\/International\/wp-json\/wp\/v2\/types\/post"}],"author":[{"embeddable":true,"href":"https:\/\/linitiative.ca\/International\/wp-json\/wp\/v2\/users\/1759"}],"replies":[{"embeddable":true,"href":"https:\/\/linitiative.ca\/International\/wp-json\/wp\/v2\/comments?post=122073"}],"version-history":[{"count":0,"href":"https:\/\/linitiative.ca\/International\/wp-json\/wp\/v2\/posts\/122073\/revisions"}],"wp:attachment":[{"href":"https:\/\/linitiative.ca\/International\/wp-json\/wp\/v2\/media?parent=122073"}],"wp:term":[{"taxonomy":"category","embeddable":true,"href":"https:\/\/linitiative.ca\/International\/wp-json\/wp\/v2\/categories?post=122073"},{"taxonomy":"post_tag","embeddable":true,"href":"https:\/\/linitiative.ca\/International\/wp-json\/wp\/v2\/tags?post=122073"}],"curies":[{"name":"wp","href":"https:\/\/api.w.org\/{rel}","templated":true}]}}