{"id":122075,"date":"2021-07-22T10:00:59","date_gmt":"2021-07-22T14:00:59","guid":{"rendered":"https:\/\/linitiative.ca\/International\/un-projet-de-depollution-du-bassin-de-bouregreg-dans-le-pipe\/"},"modified":"2021-07-22T10:00:59","modified_gmt":"2021-07-22T14:00:59","slug":"un-projet-de-depollution-du-bassin-de-bouregreg-dans-le-pipe","status":"publish","type":"post","link":"https:\/\/linitiative.ca\/International\/un-projet-de-depollution-du-bassin-de-bouregreg-dans-le-pipe\/","title":{"rendered":"Un projet de d\u00e9pollution du bassin de Bouregreg dans le pipe"},"content":{"rendered":"<div>\n<p><img decoding=\"async\" width=\"300\" height=\"153\" src=\"https:\/\/linitiative.ca\/International\/wp-content\/uploads\/sites\/23\/2021\/07\/La-pollution-du-Bouregreg-par-la-dcharge-d27Oum-Azza20-300x153-1.jpg\" class=\"attachment-medium size-medium wp-post-image\" alt=\"\" loading=\"lazy\" srcset=\"\/\/aujourdhui.ma\/wp-content\/uploads\/2021\/07\/La-pollution-du-Bouregreg-par-la-dcharge-d27Oum-Azza20-300x153.jpg 300w, \/\/aujourdhui.ma\/wp-content\/uploads\/2021\/07\/La-pollution-du-Bouregreg-par-la-dcharge-d27Oum-Azza20-274x140.jpg 274w, \/\/aujourdhui.ma\/wp-content\/uploads\/2021\/07\/La-pollution-du-Bouregreg-par-la-dcharge-d27Oum-Azza20.jpg 746w, \/\/aujourdhui.ma\/wp-content\/uploads\/2021\/07\/La-pollution-du-Bouregreg-par-la-dcharge-d27Oum-Azza20-165x84.jpg 165w, \/\/aujourdhui.ma\/wp-content\/uploads\/2021\/07\/La-pollution-du-Bouregreg-par-la-dcharge-d27Oum-Azza20-702x358.jpg 702w\" sizes=\"auto, (max-width: 300px) 100vw, 300px\"><\/p>\n<p><span style=\"color: #800000;\"><strong>La Soci\u00e9t\u00e9 Rabat R\u00e9gion Am\u00e9nagement a lanc\u00e9 un appel \u00e0 manifestation d\u2019int\u00e9r\u00eat (APD) relatif \u00e0 la r\u00e9alisation des \u00e9tudes techniques, suivi et contr\u00f4le des travaux inscrits dans le cadre du projet de d\u00e9pollution du bassin de Bouregreg et la r\u00e9utilisation des eaux us\u00e9es \u00e9pur\u00e9es. L\u2019estimation du co\u00fbt des \u00e9tudes et prestations est fix\u00e9e \u00e0 22.28 millions de dirhams TTC.<\/strong><\/span> <span id=\"more-382294\"><\/span>En d\u00e9tail, l\u2019APD consiste \u00e0 r\u00e9aliser les \u00e9tudes d\u00e9taill\u00e9es des ouvrages d\u2019interception, de transfert, et d\u2019\u00e9puration des eaux us\u00e9es et des ouvrages de distribution des eaux us\u00e9es \u00e9pur\u00e9es de la Step (station d\u2019\u00e9puration des eaux us\u00e9es) de Skhirate pour l\u2019arrosage des espaces verts de la ville de Skhirat, Temara et Harhoura et des eaux us\u00e9es \u00e9pur\u00e9es de la Step de Sal\u00e9 pour l\u2019arrosage des espaces verts de la ville de Sal\u00e9. Selon le document, le bureau d\u2019\u00e9tude s\u00e9lectionn\u00e9 a pour mission de r\u00e9aliser des \u00e9tudes d\u2019assainissement liquide au niveau des 7 groupements des communes d\u00e9pendant du bassin de Bouregreg, en l\u2019occurrence Sidi Allal Bahraoui, Larbaa Shoul, Al Arjat, Ain Johra et Tiflet, Ait Ouribel, Kh\u00e9misset, Houderrane, Tiddas, Maaziz, Ait Ikkou Rommani, Brachoua, Ain Sbit, Ezzihiliga, ou Lghoualem.<\/p>\n<p>De plus, il proc\u00e9dera \u00e0 l\u2019examen et l\u2019\u00e9valuation des charges de pollution des eaux us\u00e9es. Pour cela, il devra mener des investigations de terrain pour collecter des donn\u00e9es sur la qualit\u00e9 et la quantit\u00e9 des rejets domestiques et industriels et les solutions de traitement envisag\u00e9. A cette fin, le prestataire serait amen\u00e9 \u00e0 \u00e9laborer des crit\u00e8res de choix de la Step \u00e0 mutualiser, v\u00e9rification la faisabilit\u00e9 et l\u2019avantage technico-\u00e9conomique de raccordement d\u2019autres centres \u00e0 la Step mutualis\u00e9e, examiner les possibilit\u00e9s de raccordement \u00e0 des Step existantes, proposer les scenarii de zonage des centres \u00e0 mutualiser.<\/p>\n<p>De plus, il serait amen\u00e9 \u00e0 identifier les douars \u00e0 syst\u00e8mes d\u2019assainissement individuels ou semi-collectifs situ\u00e9s dans le p\u00e9rim\u00e8tre proche de la Step mutualis\u00e9e ou sur le chemin du transfert et d\u2019amen\u00e9e. \u00abIl \u00e9tudiera les probl\u00e8mes hydrauliques li\u00e9s \u00e0 l\u2019installation et l\u2019exploitation des stations, le choix des groupes de pompage et d\u00e9termination de leurs caract\u00e9ristiques techniques et hydrauliques et \u00e9tude des points de fonctionnement des pompes\u00bb, indique la m\u00eame source.<\/p>\n<\/div>\n<p>Auteur: Siham Jadraoui<br \/>\n<a href=\"https:\/\/aujourdhui.ma\/economie\/un-projet-de-depollution-du-bassin-de-bouregreg-dans-le-pipe\">Cliquez ici pour lire l&rsquo;article depuis sa source.<\/a><\/p>\n","protected":false},"excerpt":{"rendered":"<p>La Soci\u00e9t\u00e9 Rabat R\u00e9gion Am\u00e9nagement a lanc\u00e9 un appel \u00e0 manifestation d\u2019int\u00e9r\u00eat (APD) relatif \u00e0 la r\u00e9alisation des \u00e9tudes techniques, suivi et contr\u00f4le des travaux inscrits dans le cadre du projet de d\u00e9pollution du bassin de Bouregreg et la r\u00e9utilisation des eaux us\u00e9es \u00e9pur\u00e9es. L\u2019estimation du co\u00fbt des \u00e9tudes et prestations est fix\u00e9e \u00e0 22.28 [&hellip;]<\/p>\n","protected":false},"author":1759,"featured_media":0,"comment_status":"closed","ping_status":"closed","sticky":false,"template":"","format":"standard","meta":{"fifu_image_url":"https:\/\/aujourdhui.ma\/wp-content\/uploads\/2021\/07\/La-pollution-du-Bouregreg-par-la-dcharge-d27Oum-Azza20-300x153.jpg","fifu_image_alt":"Un projet de d\u00e9pollution du bassin de Bouregreg dans le pipe","footnotes":""},"categories":[73,54],"tags":[],"class_list":["post-122075","post","type-post","status-publish","format-standard","hentry","category-actualite","category-maroc"],"_links":{"self":[{"href":"https:\/\/linitiative.ca\/International\/wp-json\/wp\/v2\/posts\/122075","targetHints":{"allow":["GET"]}}],"collection":[{"href":"https:\/\/linitiative.ca\/International\/wp-json\/wp\/v2\/posts"}],"about":[{"href":"https:\/\/linitiative.ca\/International\/wp-json\/wp\/v2\/types\/post"}],"author":[{"embeddable":true,"href":"https:\/\/linitiative.ca\/International\/wp-json\/wp\/v2\/users\/1759"}],"replies":[{"embeddable":true,"href":"https:\/\/linitiative.ca\/International\/wp-json\/wp\/v2\/comments?post=122075"}],"version-history":[{"count":0,"href":"https:\/\/linitiative.ca\/International\/wp-json\/wp\/v2\/posts\/122075\/revisions"}],"wp:attachment":[{"href":"https:\/\/linitiative.ca\/International\/wp-json\/wp\/v2\/media?parent=122075"}],"wp:term":[{"taxonomy":"category","embeddable":true,"href":"https:\/\/linitiative.ca\/International\/wp-json\/wp\/v2\/categories?post=122075"},{"taxonomy":"post_tag","embeddable":true,"href":"https:\/\/linitiative.ca\/International\/wp-json\/wp\/v2\/tags?post=122075"}],"curies":[{"name":"wp","href":"https:\/\/api.w.org\/{rel}","templated":true}]}}