{"id":122084,"date":"2021-07-22T07:00:00","date_gmt":"2021-07-22T11:00:00","guid":{"rendered":"https:\/\/linitiative.ca\/International\/le-plan-de-crise-declenche-dans-les-hopitaux\/"},"modified":"2021-07-22T07:00:00","modified_gmt":"2021-07-22T11:00:00","slug":"le-plan-de-crise-declenche-dans-les-hopitaux","status":"publish","type":"post","link":"https:\/\/linitiative.ca\/International\/le-plan-de-crise-declenche-dans-les-hopitaux\/","title":{"rendered":"LE PLAN DE CRISE D\u00c9CLENCH\u00c9 DANS LES H\u00d4PITAUX"},"content":{"rendered":"<div>Le ministre de la Sant\u00e9, Abderrahmane Benbouzid, n\u2019a pas h\u00e9sit\u00e9 hier \u00e0 qualifier la situation \u00e9pid\u00e9miologique en Alg\u00e9rie de \u201cpr\u00e9occupante\u201d, affirmant que la vaccination demeurait la seule option pour lutter contre la pand\u00e9mie.<\/div>\n<p>Auteur:<br \/>\n<a href=\"https:\/\/www.liberte-algerie.com\/actualite\/le-plan-de-crise-declenche-dans-les-hopitaux-362244\">Cliquez ici pour lire l&rsquo;article depuis sa source.<\/a><\/p>\n","protected":false},"excerpt":{"rendered":"<p>Le ministre de la Sant\u00e9, Abderrahmane Benbouzid, n\u2019a pas h\u00e9sit\u00e9 hier \u00e0 qualifier la situation \u00e9pid\u00e9miologique en Alg\u00e9rie de \u201cpr\u00e9occupante\u201d, affirmant que la vaccination demeurait la seule option pour lutter contre la pand\u00e9mie. Auteur: Cliquez ici pour lire l&rsquo;article depuis sa source.<\/p>\n","protected":false},"author":1742,"featured_media":0,"comment_status":"closed","ping_status":"closed","sticky":false,"template":"","format":"standard","meta":{"fifu_image_url":"","fifu_image_alt":"","footnotes":""},"categories":[73,53],"tags":[],"class_list":["post-122084","post","type-post","status-publish","format-standard","hentry","category-actualite","category-algerie"],"_links":{"self":[{"href":"https:\/\/linitiative.ca\/International\/wp-json\/wp\/v2\/posts\/122084","targetHints":{"allow":["GET"]}}],"collection":[{"href":"https:\/\/linitiative.ca\/International\/wp-json\/wp\/v2\/posts"}],"about":[{"href":"https:\/\/linitiative.ca\/International\/wp-json\/wp\/v2\/types\/post"}],"author":[{"embeddable":true,"href":"https:\/\/linitiative.ca\/International\/wp-json\/wp\/v2\/users\/1742"}],"replies":[{"embeddable":true,"href":"https:\/\/linitiative.ca\/International\/wp-json\/wp\/v2\/comments?post=122084"}],"version-history":[{"count":0,"href":"https:\/\/linitiative.ca\/International\/wp-json\/wp\/v2\/posts\/122084\/revisions"}],"wp:attachment":[{"href":"https:\/\/linitiative.ca\/International\/wp-json\/wp\/v2\/media?parent=122084"}],"wp:term":[{"taxonomy":"category","embeddable":true,"href":"https:\/\/linitiative.ca\/International\/wp-json\/wp\/v2\/categories?post=122084"},{"taxonomy":"post_tag","embeddable":true,"href":"https:\/\/linitiative.ca\/International\/wp-json\/wp\/v2\/tags?post=122084"}],"curies":[{"name":"wp","href":"https:\/\/api.w.org\/{rel}","templated":true}]}}