{"id":122087,"date":"2021-07-22T07:00:00","date_gmt":"2021-07-22T11:00:00","guid":{"rendered":"https:\/\/linitiative.ca\/International\/kamel-bougdal-tire-sa-reverence\/"},"modified":"2021-07-22T07:00:00","modified_gmt":"2021-07-22T11:00:00","slug":"kamel-bougdal-tire-sa-reverence","status":"publish","type":"post","link":"https:\/\/linitiative.ca\/International\/kamel-bougdal-tire-sa-reverence\/","title":{"rendered":"KAMEL BOUGDAL TIRE SA R\u00c9V\u00c9RENCE"},"content":{"rendered":"<div>Il souffrait de quelques soucis d\u2019ordre cardiologique, mais d\u2019aucuns croyaient qu\u2019il n\u2019\u00e9tait pas encore d\u2019\u00e2ge pour quitter ce bas monde. Mais ce qui devait arriver arriva avant-hier, mardi \u00e0 la mi-journ\u00e9e. Kamel Bougdal nous a quitt\u00e9s.<\/div>\n<p>Auteur:<br \/>\n<a href=\"https:\/\/www.liberte-algerie.com\/actualite\/kamel-bougdal-tire-sa-reverence-362241\">Cliquez ici pour lire l&rsquo;article depuis sa source.<\/a><\/p>\n","protected":false},"excerpt":{"rendered":"<p>Il souffrait de quelques soucis d\u2019ordre cardiologique, mais d\u2019aucuns croyaient qu\u2019il n\u2019\u00e9tait pas encore d\u2019\u00e2ge pour quitter ce bas monde. Mais ce qui devait arriver arriva avant-hier, mardi \u00e0 la mi-journ\u00e9e. Kamel Bougdal nous a quitt\u00e9s. Auteur: Cliquez ici pour lire l&rsquo;article depuis sa source.<\/p>\n","protected":false},"author":1742,"featured_media":0,"comment_status":"closed","ping_status":"closed","sticky":false,"template":"","format":"standard","meta":{"fifu_image_url":"","fifu_image_alt":"","footnotes":""},"categories":[73,53],"tags":[],"class_list":["post-122087","post","type-post","status-publish","format-standard","hentry","category-actualite","category-algerie"],"_links":{"self":[{"href":"https:\/\/linitiative.ca\/International\/wp-json\/wp\/v2\/posts\/122087","targetHints":{"allow":["GET"]}}],"collection":[{"href":"https:\/\/linitiative.ca\/International\/wp-json\/wp\/v2\/posts"}],"about":[{"href":"https:\/\/linitiative.ca\/International\/wp-json\/wp\/v2\/types\/post"}],"author":[{"embeddable":true,"href":"https:\/\/linitiative.ca\/International\/wp-json\/wp\/v2\/users\/1742"}],"replies":[{"embeddable":true,"href":"https:\/\/linitiative.ca\/International\/wp-json\/wp\/v2\/comments?post=122087"}],"version-history":[{"count":0,"href":"https:\/\/linitiative.ca\/International\/wp-json\/wp\/v2\/posts\/122087\/revisions"}],"wp:attachment":[{"href":"https:\/\/linitiative.ca\/International\/wp-json\/wp\/v2\/media?parent=122087"}],"wp:term":[{"taxonomy":"category","embeddable":true,"href":"https:\/\/linitiative.ca\/International\/wp-json\/wp\/v2\/categories?post=122087"},{"taxonomy":"post_tag","embeddable":true,"href":"https:\/\/linitiative.ca\/International\/wp-json\/wp\/v2\/tags?post=122087"}],"curies":[{"name":"wp","href":"https:\/\/api.w.org\/{rel}","templated":true}]}}