{"id":122089,"date":"2021-07-22T07:45:45","date_gmt":"2021-07-22T11:45:45","guid":{"rendered":"https:\/\/linitiative.ca\/International\/covid-19-rencontre-de-sensibilisation-au-respect-des-gestes-barrieres\/"},"modified":"2021-07-22T07:45:45","modified_gmt":"2021-07-22T11:45:45","slug":"covid-19-rencontre-de-sensibilisation-au-respect-des-gestes-barrieres","status":"publish","type":"post","link":"https:\/\/linitiative.ca\/International\/covid-19-rencontre-de-sensibilisation-au-respect-des-gestes-barrieres\/","title":{"rendered":"Covid-19: Rencontre de sensibilisation au respect des gestes barri\u00e8res"},"content":{"rendered":"<div>\n<div style=\"margin-bottom:20px;\"><img loading=\"lazy\" decoding=\"async\" width=\"750\" height=\"430\" src=\"https:\/\/linitiative.ca\/International\/wp-content\/uploads\/sites\/23\/2021\/07\/sensibilisation-archives-1-1.jpg\" class=\"attachment-post-thumbnail size-post-thumbnail wp-post-image\" alt=\"\" srcset=\"https:\/\/linitiative.ca\/International\/wp-content\/uploads\/sites\/23\/2021\/07\/sensibilisation-archives-1-1.jpg 750w, http:\/\/www.mapmarrakech.ma\/map\/uploads\/2021\/07\/sensibilisation-archives-1-1-300x172.jpg 300w\" sizes=\"auto, (max-width: 750px) 100vw, 750px\"><\/div>\n<div>\n<p>Pr\u00e9sid\u00e9e par le gouverneur de la province, Hicham Smahi, cette rencontre a \u00e9t\u00e9 l\u2019occasion de faire le point sur la situation \u00e9pid\u00e9miologique au niveau national, en g\u00e9n\u00e9ral, et dans la province d\u2019El Kel\u00e2a des Sraghna, en particulier, et d\u2019appeler au renforcement de la prise de conscience surtout face au rel\u00e2chement constat\u00e9 r\u00e9cemment chez les citoyens, ce qui a conduit \u00e0 la hausse des cas d\u2019infections.<\/p>\n<p>A cette occasion, M. Smahi a mis en avant les acquis accumul\u00e9s par le Royaume dans la riposte \u00e0 cette pand\u00e9mie, \u00e0 travers notamment l\u2019instauration du confinement, l\u2019intensification des op\u00e9rations de sensibilisation et le lancement d\u2019une vaste campagne de vaccination afin d\u2019atteindre l\u2019immunit\u00e9 collective pour favoriser un retour \u00e0 la vie normale.<\/p>\n<p>Face au nombre croissant des infections, le gouverneur a soulign\u00e9 la n\u00e9cessit\u00e9 de l\u2019implication de la soci\u00e9t\u00e9 civile aux c\u00f4t\u00e9s des agents d\u2019autorit\u00e9, dans l\u2019op\u00e9ration de sensibilisation afin de mettre en garde les citoyens contre les risques que repr\u00e9sente le coronavirus, et d\u2019attirer leur attention sur l\u2019importance du respect scrupuleux des mesures pr\u00e9ventives (port du masque de protection, distanciation physique, r\u00e8gles d\u2019hygi\u00e8ne\u2026).<\/p>\n<p>M. Smahi a \u00e9galement salu\u00e9 le r\u00f4le jou\u00e9 par la soci\u00e9t\u00e9 civile depuis la d\u00e9claration de la pand\u00e9mie dans la province, insistant sur l\u2019imp\u00e9ratif d\u2019inciter les citoyens, en particulier les jeunes, \u00e0 adh\u00e9rer \u00e0 la campagne nationale de vaccination.<\/p>\n<p>Pour sa part, le d\u00e9l\u00e9gu\u00e9 provincial de la sant\u00e9 par int\u00e9rim, Younes Lakrik, a pass\u00e9 en revue la situation \u00e9pid\u00e9miologique dans la province, ainsi que l\u2019\u00e9tat d\u2019avancement de l\u2019op\u00e9ration de vaccination dans les diff\u00e9rents centres am\u00e9nag\u00e9s \u00e0 cet effet, mettant en avant le r\u00f4le central de la sensibilisation et de la conscientisation pour enrayer la propagation de la pand\u00e9mie.<\/p>\n<p>De leur c\u00f4t\u00e9, des repr\u00e9sentants de la soci\u00e9t\u00e9 civile locale et des chambres professionnelles dans la province ont fait part de leur enti\u00e8re disposition \u00e0 s\u2019engager massivement dans des campagnes de sensibilisation et de conscientisation, et \u00e0 inciter les citoyens \u00e0 adh\u00e9rer \u00e0 la campagne de vaccination afin de pr\u00e9server les acquis engrang\u00e9s par le Royaume dans la lutte contre la pand\u00e9mie.<\/p>\n<\/div>\n<p>The post <a rel=\"nofollow\" href=\"http:\/\/www.mapmarrakech.ma\/fr\/covid-19-rencontre-de-sensibilisation-au-respect-des-gestes-barrieres\/\">Covid-19: Rencontre de sensibilisation au respect des gestes barri\u00e8res<\/a> appeared first on <a rel=\"nofollow\" href=\"http:\/\/www.mapmarrakech.ma\/fr\">MapMarrakech<\/a>.<\/p>\n<\/div>\n<p>Auteur: Meriem IGASS<br \/>\n<a href=\"http:\/\/www.mapmarrakech.ma\/fr\/covid-19-rencontre-de-sensibilisation-au-respect-des-gestes-barrieres\/\">Cliquez ici pour lire l&rsquo;article depuis sa source.<\/a><\/p>\n","protected":false},"excerpt":{"rendered":"<p>Pr\u00e9sid\u00e9e par le gouverneur de la province, Hicham Smahi, cette rencontre a \u00e9t\u00e9 l\u2019occasion de faire le point sur la situation \u00e9pid\u00e9miologique au niveau national, en g\u00e9n\u00e9ral, et dans la province d\u2019El Kel\u00e2a des Sraghna, en particulier, et d\u2019appeler au renforcement de la prise de conscience surtout face au rel\u00e2chement constat\u00e9 r\u00e9cemment chez les citoyens, [&hellip;]<\/p>\n","protected":false},"author":1788,"featured_media":0,"comment_status":"closed","ping_status":"closed","sticky":false,"template":"","format":"standard","meta":{"fifu_image_url":"http:\/\/www.mapmarrakech.ma\/map\/uploads\/2021\/07\/sensibilisation-archives-1-1.jpg","fifu_image_alt":"Covid-19: Rencontre de sensibilisation au respect des gestes barri\u00e8res","footnotes":""},"categories":[54,76],"tags":[],"class_list":["post-122089","post","type-post","status-publish","format-standard","hentry","category-maroc","category-regions"],"_links":{"self":[{"href":"https:\/\/linitiative.ca\/International\/wp-json\/wp\/v2\/posts\/122089","targetHints":{"allow":["GET"]}}],"collection":[{"href":"https:\/\/linitiative.ca\/International\/wp-json\/wp\/v2\/posts"}],"about":[{"href":"https:\/\/linitiative.ca\/International\/wp-json\/wp\/v2\/types\/post"}],"author":[{"embeddable":true,"href":"https:\/\/linitiative.ca\/International\/wp-json\/wp\/v2\/users\/1788"}],"replies":[{"embeddable":true,"href":"https:\/\/linitiative.ca\/International\/wp-json\/wp\/v2\/comments?post=122089"}],"version-history":[{"count":0,"href":"https:\/\/linitiative.ca\/International\/wp-json\/wp\/v2\/posts\/122089\/revisions"}],"wp:attachment":[{"href":"https:\/\/linitiative.ca\/International\/wp-json\/wp\/v2\/media?parent=122089"}],"wp:term":[{"taxonomy":"category","embeddable":true,"href":"https:\/\/linitiative.ca\/International\/wp-json\/wp\/v2\/categories?post=122089"},{"taxonomy":"post_tag","embeddable":true,"href":"https:\/\/linitiative.ca\/International\/wp-json\/wp\/v2\/tags?post=122089"}],"curies":[{"name":"wp","href":"https:\/\/api.w.org\/{rel}","templated":true}]}}