{"id":122091,"date":"2021-07-22T08:15:44","date_gmt":"2021-07-22T12:15:44","guid":{"rendered":"https:\/\/linitiative.ca\/International\/quand-la-place-de-jemaa-el-fna-renoue-avec-sa-dynamique-economique\/"},"modified":"2021-07-22T08:15:44","modified_gmt":"2021-07-22T12:15:44","slug":"quand-la-place-de-jemaa-el-fna-renoue-avec-sa-dynamique-economique","status":"publish","type":"post","link":"https:\/\/linitiative.ca\/International\/quand-la-place-de-jemaa-el-fna-renoue-avec-sa-dynamique-economique\/","title":{"rendered":"Quand la place de Jem\u00e2a El Fna renoue avec sa dynamique \u00e9conomique"},"content":{"rendered":"<div>\n<div style=\"margin-bottom:20px;\"><img loading=\"lazy\" decoding=\"async\" width=\"750\" height=\"430\" src=\"https:\/\/linitiative.ca\/International\/wp-content\/uploads\/sites\/23\/2021\/07\/jemaa-el-fna-copier-1.jpg\" class=\"attachment-post-thumbnail size-post-thumbnail wp-post-image\" alt=\"\" srcset=\"https:\/\/linitiative.ca\/International\/wp-content\/uploads\/sites\/23\/2021\/07\/jemaa-el-fna-copier-1.jpg 750w, http:\/\/www.mapmarrakech.ma\/map\/uploads\/2021\/07\/jemaa-el-fna-copier-1-300x172.jpg 300w\" sizes=\"auto, (max-width: 750px) 100vw, 750px\"><\/div>\n<p>Une situation qui s\u2019explique par les mesures d\u2019all\u00e9gement li\u00e9es \u00e0 la Covid-19 que les autorit\u00e9s comp\u00e9tentes ont d\u00e9cr\u00e9t\u00e9 r\u00e9cemment dans le but de permettre \u00e0 la vie de reprendre son cours normal dans l\u2019ensemble des r\u00e9gions du Royaume, et de favoriser une relance progressive de l\u2019\u00e9conomie, qui a subi lourdement les r\u00e9percussions d\u2019une crise sanitaire sans pr\u00e9c\u00e9dent.<\/p>\n<p>N\u00e9anmoins, et compte tenu de l\u2019\u00e9volution de la situation \u00e9pid\u00e9miologique avec l\u2019augmentation de nombre de cas positifs enregistr\u00e9s ces derniers jours, en raison du rel\u00e2chement observ\u00e9 chez certains citoyens, la vigilance et le respect scrupuleux des mesures barri\u00e8res de lutte contre la Covid-19 s\u2019imposent plus que jamais, dans cet espace \u00ab\u00a0Monde\u00a0\u00bb, qui, en cette p\u00e9riode estivale, connait une grande affluence de la part des autochtones comme des visiteurs de la cit\u00e9 ocre.<\/p>\n<p>Evoquer Marrakech sans parler de la Place de Jem\u00e2a El Fna serait \u00ab\u00a0une aberration\u00a0\u00bb. Et pour preuve : cette place historique a toujours servi de destination des plus attractives pour les touristes \u00e9trangers et nationaux en visite \u00e0 la cit\u00e9 ocre.<\/p>\n<p>Il s\u2019agit de l\u2019un des espaces les plus embl\u00e9matiques de la ville, avec une forte dimension \u00e0 la fois, culturelle et touristique \u00e0 m\u00eame de permettre aux visiteurs de go\u00fbter aux vraies traditions populaires, l\u2019un des piliers de la culture marocaine (conteurs, groupes musicaux, jeux d\u2019acrobatie et autres) qu\u2019abrite cette mythique place.<\/p>\n<p>Apr\u00e8s plus d\u2019une ann\u00e9e de marasme impos\u00e9 par la pand\u00e9mie et qui a eu pour effet de plonger \u00ab\u00a0le coeur battant\u00a0\u00bb de Marrakech dans un vide sans pr\u00e9c\u00e9dent, tout en \u00f4tant sa joie, sa beaut\u00e9 et son effervescence commerciale habituelle, les mesures d\u2019all\u00e9gement adopt\u00e9es r\u00e9cemment \u00e0 l\u2019\u00e9chelle nationale n\u2019ont pas tard\u00e9 \u00e0 redonner espoir tant aux professionnels de la place qu\u2019\u00e0 ses visiteurs.<\/p>\n<p>C\u2019est dans ce sens que les restaurateurs de la place, les vendeurs de jus de fruits naturels et autres commer\u00e7ants ont repris leurs activit\u00e9s, permettant \u00e0 la Place de Jem\u00e2a El Fna de retrouver son lustre d\u2019antan, et de continuer \u00e0 briller de mille feux en tant que l\u2019un des sites historiques les plus attractifs et visit\u00e9s par les touristes \u00e0 travers le monde, gr\u00e2ce \u00e0 son statut de patrimoine culturel immat\u00e9riel de l\u2019UNESCO depuis 2008.<\/p>\n<p>C\u2019est ainsi que nombre de commer\u00e7ants de la place ont fait part de leur satisfaction des mesures d\u2019all\u00e9gement adopt\u00e9es par le gouvernement, lesquelles leur ont permis de red\u00e9marrer leurs activit\u00e9s en attendant le retour des animateurs des \u00ab\u00a0Halqas\u00a0\u00bb entre acrobates, charmeurs de serpents, conteurs\u2026. qui, contribuent remarquablement \u00e0 l\u2019animation de la Place et veille \u00e0 la p\u00e9rennisation d\u2019une culture orale s\u00e9culaire.<\/p>\n<p>Ainsi, l\u2019initiative de Sa Majest\u00e9 le Roi Mohammed VI \u00e0 travers les Hautes Instructions Royales du Souverain aux autorit\u00e9s comp\u00e9tentes et aux responsables de la compagnie nationale \u00ab\u00a0Royal Air Maroc\u00a0\u00bb en vue de faciliter le retour \u00e0 la m\u00e8re- patrie, des Marocains du Monde et \u00e0 des prix convenables, a eu un effet positif chez les commer\u00e7ants et prestataires de service au niveau de la place qui, \u00e0 cette occasion, ont exprim\u00e9 leur satisfaction et grande fiert\u00e9 de ce geste royal \u00e0 forte dimension humaine ayant permis \u00e0 la Place d\u2019accueillir, ces derniers jours, nombre de visiteurs parmi les Marocains du monde ainsi que les touristes \u00e9trangers et nationaux en provenance d\u2019autres villes du Royaume.<\/p>\n<p>Ce retour progressif \u00e0 la normale au sein de la Place de Jem\u00e2a El Fna est de nature \u00e0 insuffler une nouvelle dynamique touristique dans la cit\u00e9 ocre, sachant que la ville des Sept Saints a aussi le grand m\u00e9rite de vivre au rythme soutenu de travaux li\u00e9s au projet de revalorisation de l\u2019ancienne m\u00e9dina, avec la cr\u00e9ation de circuits touristiques et spirituels, outre la r\u00e9alisation au sein de la place, d\u2019un Mus\u00e9e national d\u00e9di\u00e9 au patrimoine.<\/p>\n<p>Il s\u2019agit de nombre de chantiers destin\u00e9s, in fine, \u00e0 soutenir le rythme du d\u00e9veloppement socio-\u00e9conomique que connait la ville de Marrakech et ce, \u00e0 la lumi\u00e8re des derni\u00e8res mesures ayant permis un retour normal aux activit\u00e9s au sein de la place qui vient de renouer avec sa dynamique d\u2019avant la p\u00e9riode du confinement sanitaire.<\/p>\n<p>Dans une d\u00e9claration \u00e0 M24, la chaine de t\u00e9l\u00e9vision de l\u2019information en continu de la MAP, M. Abdelhak Belkhadir, pr\u00e9sident de l\u2019Association des commer\u00e7ants du nouveau Souk, et membre du tissu associatif au sein de Jem\u00e2a El Fna, a exprim\u00e9 sa joie du retour \u00e0 la normale en sein de ce site embl\u00e9matique, suite aux mesures visant \u00e0 promouvoir le tourisme interne et \u00e0 faciliter le retour des MRE.<\/p>\n<p>Et de poursuivre que les Initiatives Royales dans ce sens ont eu un impact positif en termes de redynamisation des activit\u00e9s \u00e9conomiques, notamment chez les op\u00e9rateurs commerciaux, les prestataires de services et les artisans, notant que la vie reprend ses couleurs de mani\u00e8re progressive, apr\u00e8s un arr\u00eat des activit\u00e9s ayant dur\u00e9 plus d\u2019une ann\u00e9e pour impacter s\u00e9rieusement les couches sociales vivant des activit\u00e9s qu\u2019elles exer\u00e7aient \u00e0 Jema\u00e2 El Fna.<\/p>\n<p>Pour sa part, M. Mohamed Ait Abdellah, l\u2019un des restaurateurs de la place, a indiqu\u00e9 qu\u2019un changement remarquable a \u00e9t\u00e9 observ\u00e9 au niveau de la Place de Jem\u00e2a El Fna depuis la d\u00e9cision prise par la RAM, sur Hautes Instructions de Sa Majest\u00e9 le Roi Mohammed VI, d\u2019adopter des prix convenables au profit des Marocains du monde.<\/p>\n<p>Dans ce sens, il a exprim\u00e9 son optimisme et grand espoir de voir la place retrouver son lustre d\u2019antan durant la p\u00e9riode post-Covid, et ce gr\u00e2ce aux chantiers ouverts par les parties concern\u00e9es, \u00e0 travers le relookage des fa\u00e7ades des commerces, le renforcement du r\u00e9seau d\u2019\u00e9clairage public ainsi que du r\u00e9seau de raccordement aux moyens de communication, et ce dans le cadre du programme de revalorisation de l\u2019ancienne M\u00e9dina.<\/p>\n<p>De son c\u00f4t\u00e9, l\u2019une des touristes en visite dans la place de Jem\u00e2a El Fna a fait part de sa grande satisfaction d\u2019\u00eatre pr\u00e9sente \u00e0 Marrakech apr\u00e8s l\u2019adoption des mesures d\u2019all\u00e9gement, se disant tr\u00e8s heureuse de voir des MRE et des touristes \u00e9trangers investir plusieurs coins de la Place.<\/p>\n<p>Tout en se f\u00e9licitant de la dynamique \u00e9conomique et commerciale qui commence \u00e0 s\u2019installer dans la Place en attendant la disparition compl\u00e8te de cette pand\u00e9mie, elle a \u00e9mis le voeu de voir les animateurs de la \u00ab\u00a0Halqa\u00a0\u00bb revenir dans les plus brefs d\u00e9lais, compte tenu de leur empreinte visible au sein de la Place, en termes de promotion de sa vocation patrimoniale et culturelle.<\/p>\n<p>The post <a rel=\"nofollow\" href=\"http:\/\/www.mapmarrakech.ma\/fr\/quand-la-place-de-jemaa-el-fna-renoue-avec-sa-dynamique-economique\/\">Quand la place de Jem\u00e2a El Fna renoue avec sa dynamique \u00e9conomique<\/a> appeared first on <a rel=\"nofollow\" href=\"http:\/\/www.mapmarrakech.ma\/fr\">MapMarrakech<\/a>.<\/p>\n<\/div>\n<p>Auteur: Meriem IGASS<br \/>\n<a href=\"http:\/\/www.mapmarrakech.ma\/fr\/quand-la-place-de-jemaa-el-fna-renoue-avec-sa-dynamique-economique\/\">Cliquez ici pour lire l&rsquo;article depuis sa source.<\/a><\/p>\n","protected":false},"excerpt":{"rendered":"<p>Une situation qui s\u2019explique par les mesures d\u2019all\u00e9gement li\u00e9es \u00e0 la Covid-19 que les autorit\u00e9s comp\u00e9tentes ont d\u00e9cr\u00e9t\u00e9 r\u00e9cemment dans le but de permettre \u00e0 la vie de reprendre son cours normal dans l\u2019ensemble des r\u00e9gions du Royaume, et de favoriser une relance progressive de l\u2019\u00e9conomie, qui a subi lourdement les r\u00e9percussions d\u2019une crise sanitaire [&hellip;]<\/p>\n","protected":false},"author":1788,"featured_media":0,"comment_status":"closed","ping_status":"closed","sticky":false,"template":"","format":"standard","meta":{"fifu_image_url":"http:\/\/www.mapmarrakech.ma\/map\/uploads\/2021\/07\/jemaa-el-fna-copier-1.jpg","fifu_image_alt":"Quand la place de Jem\u00e2a El Fna renoue avec sa dynamique \u00e9conomique","footnotes":""},"categories":[54,76],"tags":[],"class_list":["post-122091","post","type-post","status-publish","format-standard","hentry","category-maroc","category-regions"],"_links":{"self":[{"href":"https:\/\/linitiative.ca\/International\/wp-json\/wp\/v2\/posts\/122091","targetHints":{"allow":["GET"]}}],"collection":[{"href":"https:\/\/linitiative.ca\/International\/wp-json\/wp\/v2\/posts"}],"about":[{"href":"https:\/\/linitiative.ca\/International\/wp-json\/wp\/v2\/types\/post"}],"author":[{"embeddable":true,"href":"https:\/\/linitiative.ca\/International\/wp-json\/wp\/v2\/users\/1788"}],"replies":[{"embeddable":true,"href":"https:\/\/linitiative.ca\/International\/wp-json\/wp\/v2\/comments?post=122091"}],"version-history":[{"count":0,"href":"https:\/\/linitiative.ca\/International\/wp-json\/wp\/v2\/posts\/122091\/revisions"}],"wp:attachment":[{"href":"https:\/\/linitiative.ca\/International\/wp-json\/wp\/v2\/media?parent=122091"}],"wp:term":[{"taxonomy":"category","embeddable":true,"href":"https:\/\/linitiative.ca\/International\/wp-json\/wp\/v2\/categories?post=122091"},{"taxonomy":"post_tag","embeddable":true,"href":"https:\/\/linitiative.ca\/International\/wp-json\/wp\/v2\/tags?post=122091"}],"curies":[{"name":"wp","href":"https:\/\/api.w.org\/{rel}","templated":true}]}}