{"id":122093,"date":"2021-07-22T08:45:18","date_gmt":"2021-07-22T12:45:18","guid":{"rendered":"https:\/\/linitiative.ca\/International\/vague-de-chaleur-de-jeudi-a-samedi\/"},"modified":"2021-07-22T08:45:18","modified_gmt":"2021-07-22T12:45:18","slug":"vague-de-chaleur-de-jeudi-a-samedi","status":"publish","type":"post","link":"https:\/\/linitiative.ca\/International\/vague-de-chaleur-de-jeudi-a-samedi\/","title":{"rendered":"Vague de chaleur de jeudi \u00e0 samedi"},"content":{"rendered":"<div>\n<div style=\"margin-bottom:20px;\"><img loading=\"lazy\" decoding=\"async\" width=\"750\" height=\"430\" src=\"https:\/\/linitiative.ca\/International\/wp-content\/uploads\/sites\/23\/2021\/07\/soleil-1-3.jpg\" class=\"attachment-post-thumbnail size-post-thumbnail wp-post-image\" alt=\"\" srcset=\"https:\/\/linitiative.ca\/International\/wp-content\/uploads\/sites\/23\/2021\/07\/soleil-1-3.jpg 750w, http:\/\/www.mapmarrakech.ma\/map\/uploads\/2021\/07\/soleil-1-3-300x172.jpg 300w\" sizes=\"auto, (max-width: 750px) 100vw, 750px\"><\/div>\n<p>Ainsi, des temp\u00e9ratures variant entre 45 et 48\u00b0C concerneront, jeudi et vendredi, les provinces de Assa Zag, Beni Mellal, El Kelaa des Sraghna, Es-Smara, Fquih Ben Saleh, Marrakech, Rehamna, Taroudant, Tata et Zagora, a pr\u00e9cis\u00e9 la DGM dans un bulletin d\u2019alerte m\u00e9t\u00e9orologique, faisant \u00e9tat d\u2019un niveau de vigilance orange.<\/p>\n<p>Durant la m\u00eame p\u00e9riode, les temp\u00e9ratures oscilleront entre 42 et 45\u00b0C dans les provinces de Agadir-Ida-Ou-Tanan, Boulemane, Chtouka Ait-Baha, El Hajeb, Errachidia, Essaouira, F\u00e8s, Guelmim, Guercif, Inzegane-Ait Melloul, Khemisset, Khenifra, Khouribga, Mekn\u00e8s, Moulay Yacoub, Ouezzane, Oujda-Angad, Sefrou, Settat, Sidi Ifni, Sidi Kacem, Taounate, Taourirt, Taza, Tiznit.<\/p>\n<p>Le samedi, les temp\u00e9ratures variant entre 42 et 45\u00b0C dans les provinces de Assa Zag, Beni Mellal, El Kelaa des Sraghna, Es-Smara, Essaouira, Fquih Ben Saleh, Guelmim, Guercif, Khenifra, Khouribga, Marrakech, Oujda-Angad, Rehamna, Settat, Sidi Ifni, Taroudant, Tata, Taza, Tiznit et Zagora, conclut la DGM.<\/p>\n<p>The post <a rel=\"nofollow\" href=\"http:\/\/www.mapmarrakech.ma\/fr\/vague-de-chaleur-de-jeudi-a-samedi\/\">Vague de chaleur de jeudi \u00e0 samedi<\/a> appeared first on <a rel=\"nofollow\" href=\"http:\/\/www.mapmarrakech.ma\/fr\">MapMarrakech<\/a>.<\/p>\n<\/div>\n<p>Auteur: Meriem IGASS<br \/>\n<a href=\"http:\/\/www.mapmarrakech.ma\/fr\/vague-de-chaleur-de-jeudi-a-samedi\/\">Cliquez ici pour lire l&rsquo;article depuis sa source.<\/a><\/p>\n","protected":false},"excerpt":{"rendered":"<p>Ainsi, des temp\u00e9ratures variant entre 45 et 48\u00b0C concerneront, jeudi et vendredi, les provinces de Assa Zag, Beni Mellal, El Kelaa des Sraghna, Es-Smara, Fquih Ben Saleh, Marrakech, Rehamna, Taroudant, Tata et Zagora, a pr\u00e9cis\u00e9 la DGM dans un bulletin d\u2019alerte m\u00e9t\u00e9orologique, faisant \u00e9tat d\u2019un niveau de vigilance orange. Durant la m\u00eame p\u00e9riode, les temp\u00e9ratures [&hellip;]<\/p>\n","protected":false},"author":1788,"featured_media":0,"comment_status":"closed","ping_status":"closed","sticky":false,"template":"","format":"standard","meta":{"fifu_image_url":"http:\/\/www.mapmarrakech.ma\/map\/uploads\/2021\/07\/soleil-1-3.jpg","fifu_image_alt":"Vague de chaleur de jeudi \u00e0 samedi","footnotes":""},"categories":[54,76],"tags":[],"class_list":["post-122093","post","type-post","status-publish","format-standard","hentry","category-maroc","category-regions"],"_links":{"self":[{"href":"https:\/\/linitiative.ca\/International\/wp-json\/wp\/v2\/posts\/122093","targetHints":{"allow":["GET"]}}],"collection":[{"href":"https:\/\/linitiative.ca\/International\/wp-json\/wp\/v2\/posts"}],"about":[{"href":"https:\/\/linitiative.ca\/International\/wp-json\/wp\/v2\/types\/post"}],"author":[{"embeddable":true,"href":"https:\/\/linitiative.ca\/International\/wp-json\/wp\/v2\/users\/1788"}],"replies":[{"embeddable":true,"href":"https:\/\/linitiative.ca\/International\/wp-json\/wp\/v2\/comments?post=122093"}],"version-history":[{"count":0,"href":"https:\/\/linitiative.ca\/International\/wp-json\/wp\/v2\/posts\/122093\/revisions"}],"wp:attachment":[{"href":"https:\/\/linitiative.ca\/International\/wp-json\/wp\/v2\/media?parent=122093"}],"wp:term":[{"taxonomy":"category","embeddable":true,"href":"https:\/\/linitiative.ca\/International\/wp-json\/wp\/v2\/categories?post=122093"},{"taxonomy":"post_tag","embeddable":true,"href":"https:\/\/linitiative.ca\/International\/wp-json\/wp\/v2\/tags?post=122093"}],"curies":[{"name":"wp","href":"https:\/\/api.w.org\/{rel}","templated":true}]}}