{"id":122097,"date":"2021-07-22T08:07:28","date_gmt":"2021-07-22T12:07:28","guid":{"rendered":"https:\/\/linitiative.ca\/International\/vague-de-chaleur-de-jeudi-a-samedi-dans-plusieurs-provinces-du-royaume\/"},"modified":"2021-07-22T08:07:28","modified_gmt":"2021-07-22T12:07:28","slug":"vague-de-chaleur-de-jeudi-a-samedi-dans-plusieurs-provinces-du-royaume","status":"publish","type":"post","link":"https:\/\/linitiative.ca\/International\/vague-de-chaleur-de-jeudi-a-samedi-dans-plusieurs-provinces-du-royaume\/","title":{"rendered":"Vague de chaleur de jeudi \u00e0 samedi dans plusieurs provinces du Royaume"},"content":{"rendered":"<div>\n<div style=\"margin-bottom:20px;\"><img loading=\"lazy\" decoding=\"async\" width=\"750\" height=\"430\" src=\"https:\/\/linitiative.ca\/International\/wp-content\/uploads\/sites\/23\/2021\/07\/Une-branche-de-vigne-luttant-pour-sa-part-de-soleil-C3A0-Tinghir-750C397430-MAP-2.jpg\" class=\"attachment-post-thumbnail size-post-thumbnail wp-post-image\" alt=\"\" srcset=\"https:\/\/linitiative.ca\/International\/wp-content\/uploads\/sites\/23\/2021\/07\/Une-branche-de-vigne-luttant-pour-sa-part-de-soleil-C3A0-Tinghir-750C397430-MAP-2.jpg 750w, http:\/\/www.mapoujda.ma\/map\/uploads\/2021\/06\/Une-branche-de-vigne-luttant-pour-sa-part-de-soleil-\u00e0-Tinghir-750\u00d7430-MAP-300x172.jpg 300w\" sizes=\"auto, (max-width: 750px) 100vw, 750px\"><\/div>\n<p style=\"text-align: justify;\">Une vague de chaleur est pr\u00e9vue de jeudi \u00e0 samedi dans plusieurs provinces du Royaume, a annonc\u00e9 la Direction g\u00e9n\u00e9rale de la m\u00e9t\u00e9orologie (DGM).<\/p>\n<p style=\"text-align: justify;\">Ainsi, des temp\u00e9ratures variant entre 45 et 48\u00b0C concerneront, jeudi et vendredi, les provinces de\u00a0Assa Zag, Beni Mellal, El Kelaa des Sraghna, Es-Smara, Fquih Ben Saleh,\u00a0Marrakech, Rehamna, Taroudant, Tata et Zagora, a pr\u00e9cis\u00e9 la DGM dans un bulletin d\u2019alerte m\u00e9t\u00e9orologique, faisant \u00e9tat d\u2019un niveau de vigilance orange.<\/p>\n<p style=\"text-align: justify;\">Durant la m\u00eame p\u00e9riode,\u00a0les temp\u00e9ratures oscilleront entre 42 et 45\u00b0C dans les provinces de Agadir-Ida-Ou-Tanan, Boulemane, Chtouka Ait-Baha, El Hajeb, Errachidia, Essaouira, F\u00e8s, Guelmim, Guercif, Inzegane-Ait Melloul, Khemisset, Khenifra, Khouribga, Mekn\u00e8s, Moulay Yacoub, Ouezzane, Oujda-Angad, Sefrou, Settat, Sidi Ifni, Sidi Kacem, Taounate, Taourirt, Taza, Tiznit.<\/p>\n<p style=\"text-align: justify;\">Le samedi, les temp\u00e9ratures variant entre 42 et 45\u00b0C dans les provinces de\u00a0Assa Zag, Beni Mellal, El Kelaa des Sraghna, Es-Smara, Essaouira, Fquih Ben Saleh,\u00a0Guelmim, Guercif, Khenifra, Khouribga, Marrakech, Oujda-Angad,\u00a0Rehamna, Settat, Sidi Ifni, Taroudant, Tata, Taza, Tiznit et Zagora, conclut la DGM.<\/p>\n<p>L\u2019article <a rel=\"nofollow\" href=\"http:\/\/www.mapoujda.ma\/fr\/vague-de-chaleur-de-jeudi-a-samedi-dans-plusieurs-provinces-du-royaume\/\">Vague de chaleur de jeudi \u00e0 samedi dans plusieurs provinces du Royaume<\/a> est apparu en premier sur <a rel=\"nofollow\" href=\"http:\/\/www.mapoujda.ma\/fr\">MapOujda<\/a>.<\/p>\n<\/div>\n<p>Auteur: Soufiane ELAHMAR<br \/>\n<a href=\"http:\/\/www.mapoujda.ma\/fr\/vague-de-chaleur-de-jeudi-a-samedi-dans-plusieurs-provinces-du-royaume\/\">Cliquez ici pour lire l&rsquo;article depuis sa source.<\/a><\/p>\n","protected":false},"excerpt":{"rendered":"<p>Une vague de chaleur est pr\u00e9vue de jeudi \u00e0 samedi dans plusieurs provinces du Royaume, a annonc\u00e9 la Direction g\u00e9n\u00e9rale de la m\u00e9t\u00e9orologie (DGM). Ainsi, des temp\u00e9ratures variant entre 45 et 48\u00b0C concerneront, jeudi et vendredi, les provinces de\u00a0Assa Zag, Beni Mellal, El Kelaa des Sraghna, Es-Smara, Fquih Ben Saleh,\u00a0Marrakech, Rehamna, Taroudant, Tata et Zagora, [&hellip;]<\/p>\n","protected":false},"author":1788,"featured_media":0,"comment_status":"closed","ping_status":"closed","sticky":false,"template":"","format":"standard","meta":{"fifu_image_url":"http:\/\/www.mapoujda.ma\/map\/uploads\/2021\/06\/Une-branche-de-vigne-luttant-pour-sa-part-de-soleil-\u00e0-Tinghir-750\u00d7430-MAP.jpg","fifu_image_alt":"Vague de chaleur de jeudi \u00e0 samedi dans plusieurs provinces du Royaume","footnotes":""},"categories":[54,76],"tags":[],"class_list":["post-122097","post","type-post","status-publish","format-standard","hentry","category-maroc","category-regions"],"_links":{"self":[{"href":"https:\/\/linitiative.ca\/International\/wp-json\/wp\/v2\/posts\/122097","targetHints":{"allow":["GET"]}}],"collection":[{"href":"https:\/\/linitiative.ca\/International\/wp-json\/wp\/v2\/posts"}],"about":[{"href":"https:\/\/linitiative.ca\/International\/wp-json\/wp\/v2\/types\/post"}],"author":[{"embeddable":true,"href":"https:\/\/linitiative.ca\/International\/wp-json\/wp\/v2\/users\/1788"}],"replies":[{"embeddable":true,"href":"https:\/\/linitiative.ca\/International\/wp-json\/wp\/v2\/comments?post=122097"}],"version-history":[{"count":0,"href":"https:\/\/linitiative.ca\/International\/wp-json\/wp\/v2\/posts\/122097\/revisions"}],"wp:attachment":[{"href":"https:\/\/linitiative.ca\/International\/wp-json\/wp\/v2\/media?parent=122097"}],"wp:term":[{"taxonomy":"category","embeddable":true,"href":"https:\/\/linitiative.ca\/International\/wp-json\/wp\/v2\/categories?post=122097"},{"taxonomy":"post_tag","embeddable":true,"href":"https:\/\/linitiative.ca\/International\/wp-json\/wp\/v2\/tags?post=122097"}],"curies":[{"name":"wp","href":"https:\/\/api.w.org\/{rel}","templated":true}]}}