{"id":122099,"date":"2021-07-22T13:44:34","date_gmt":"2021-07-22T17:44:34","guid":{"rendered":"https:\/\/linitiative.ca\/International\/aeroport-de-nador-baisse-de-1131-du-trafic-passagers-a-fin-juin\/"},"modified":"2021-07-22T13:44:34","modified_gmt":"2021-07-22T17:44:34","slug":"aeroport-de-nador-baisse-de-1131-du-trafic-passagers-a-fin-juin","status":"publish","type":"post","link":"https:\/\/linitiative.ca\/International\/aeroport-de-nador-baisse-de-1131-du-trafic-passagers-a-fin-juin\/","title":{"rendered":"A\u00e9roport de Nador: Baisse de 11,31% du trafic passagers \u00e0 fin juin"},"content":{"rendered":"<div>\n<div style=\"margin-bottom:20px;\"><img loading=\"lazy\" decoding=\"async\" width=\"750\" height=\"430\" src=\"https:\/\/linitiative.ca\/International\/wp-content\/uploads\/sites\/23\/2021\/07\/Des-passagers-descendent-dune-avion-de-lAir-Arabia-Maroc-750C397430-MAP.jpg\" class=\"attachment-post-thumbnail size-post-thumbnail wp-post-image\" alt=\"\" srcset=\"https:\/\/linitiative.ca\/International\/wp-content\/uploads\/sites\/23\/2021\/07\/Des-passagers-descendent-dune-avion-de-lAir-Arabia-Maroc-750C397430-MAP.jpg 750w, http:\/\/www.mapoujda.ma\/map\/uploads\/2021\/06\/Des-passagers-descendent-dune-avion-de-lAir-Arabia-Maroc-750\u00d7430-MAP-300x172.jpg 300w\" sizes=\"auto, (max-width: 750px) 100vw, 750px\"><\/div>\n<div>\n<p style=\"text-align: justify;\">Le nombre de passagers qui ont utilis\u00e9 l\u2019a\u00e9roport de Nador-Al Aroui durant le premier semestre de cette ann\u00e9e a connu une baisse de 11,31 pc par rapport \u00e0 la m\u00eame p\u00e9riode de l\u2019ann\u00e9e 2020.<\/p>\n<p style=\"text-align: justify;\">Les statistiques de l\u2019Office national des a\u00e9roports (ONDA) montrent que les passagers ayant transit\u00e9 via cet a\u00e9roport \u00e0 fin juin 2021 sont au nombre de 123.033, contre 138.716 durant la m\u00eame p\u00e9riode de 2020 (-11,31pc) et 328.484 en 2019 (-62,55pc).<\/p>\n<p style=\"text-align: justify;\">Pour le seul mois de juin dernier, le nombre de passagers enregistr\u00e9s au niveau de l\u2019a\u00e9roport de Nador a atteint 34.496 voyageurs contre 63.440 passagers durant le m\u00eame mois de l\u2019ann\u00e9e 2019, soit une chute de 45,62pc.<\/p>\n<p style=\"text-align: justify;\">Ce r\u00e9sultat place cette plateforme a\u00e9roportuaire \u00e0 la 6\u00e8me place \u00e0 l\u2019\u00e9chelon national et au premier rang sur le plan r\u00e9gional devant l\u2019a\u00e9roport Oujda-Angad et celui de Bouarfa.<\/p>\n<p style=\"text-align: justify;\">La ville de Nador est desservie \u00e0 partir de plusieurs a\u00e9roports notamment Bruxelles et Charleroi (Belgique), Amsterdam (Pays-Bas), Paris, Marseille et Montpellier (France), Madrid, Barcelone, Majorque et G\u00e9rone (Espagne), Francfort, Cologne et Dusseldorf (Allemagne).<\/p>\n<p style=\"text-align: justify;\">L\u2019a\u00e9roport Nador-Al Aroui a connu r\u00e9cemment la mise en service d\u2019un nouveau terminal, une infrastructure de pointe ayant n\u00e9cessit\u00e9 une enveloppe budg\u00e9taire de 410 millions de dirhams (MDH), rappelle-t-on.<\/p>\n<p style=\"text-align: justify;\">Dot\u00e9 d\u2019une architecture unique, d\u2019une infrastructure moderne et d\u2019\u00e9quipements de derni\u00e8re g\u00e9n\u00e9ration, le nouveau terminal, con\u00e7u et r\u00e9alis\u00e9 par des comp\u00e9tences 100 pc marocaines, vient accompagner le d\u00e9veloppement remarquable que conna\u00eet la r\u00e9gion de Nador sur le plan \u00e9conomique et touristique.<\/p>\n<\/div>\n<p>L\u2019article <a rel=\"nofollow\" href=\"http:\/\/www.mapoujda.ma\/fr\/aeroport-de-nador-baisse-de-1131-du-trafic-passagers-a-fin-juin\/\">A\u00e9roport de Nador: Baisse de 11,31% du trafic passagers \u00e0 fin juin<\/a> est apparu en premier sur <a rel=\"nofollow\" href=\"http:\/\/www.mapoujda.ma\/fr\">MapOujda<\/a>.<\/p>\n<\/div>\n<p>Auteur: Soufiane ELAHMAR<br \/>\n<a href=\"http:\/\/www.mapoujda.ma\/fr\/aeroport-de-nador-baisse-de-1131-du-trafic-passagers-a-fin-juin\/\">Cliquez ici pour lire l&rsquo;article depuis sa source.<\/a><\/p>\n","protected":false},"excerpt":{"rendered":"<p>Le nombre de passagers qui ont utilis\u00e9 l\u2019a\u00e9roport de Nador-Al Aroui durant le premier semestre de cette ann\u00e9e a connu une baisse de 11,31 pc par rapport \u00e0 la m\u00eame p\u00e9riode de l\u2019ann\u00e9e 2020. Les statistiques de l\u2019Office national des a\u00e9roports (ONDA) montrent que les passagers ayant transit\u00e9 via cet a\u00e9roport \u00e0 fin juin 2021 [&hellip;]<\/p>\n","protected":false},"author":1788,"featured_media":0,"comment_status":"closed","ping_status":"closed","sticky":false,"template":"","format":"standard","meta":{"fifu_image_url":"http:\/\/www.mapoujda.ma\/map\/uploads\/2021\/06\/Des-passagers-descendent-dune-avion-de-lAir-Arabia-Maroc-750\u00d7430-MAP.jpg","fifu_image_alt":"A\u00e9roport de Nador: Baisse de 11,31% du trafic passagers \u00e0 fin juin","footnotes":""},"categories":[54,76],"tags":[],"class_list":["post-122099","post","type-post","status-publish","format-standard","hentry","category-maroc","category-regions"],"_links":{"self":[{"href":"https:\/\/linitiative.ca\/International\/wp-json\/wp\/v2\/posts\/122099","targetHints":{"allow":["GET"]}}],"collection":[{"href":"https:\/\/linitiative.ca\/International\/wp-json\/wp\/v2\/posts"}],"about":[{"href":"https:\/\/linitiative.ca\/International\/wp-json\/wp\/v2\/types\/post"}],"author":[{"embeddable":true,"href":"https:\/\/linitiative.ca\/International\/wp-json\/wp\/v2\/users\/1788"}],"replies":[{"embeddable":true,"href":"https:\/\/linitiative.ca\/International\/wp-json\/wp\/v2\/comments?post=122099"}],"version-history":[{"count":0,"href":"https:\/\/linitiative.ca\/International\/wp-json\/wp\/v2\/posts\/122099\/revisions"}],"wp:attachment":[{"href":"https:\/\/linitiative.ca\/International\/wp-json\/wp\/v2\/media?parent=122099"}],"wp:term":[{"taxonomy":"category","embeddable":true,"href":"https:\/\/linitiative.ca\/International\/wp-json\/wp\/v2\/categories?post=122099"},{"taxonomy":"post_tag","embeddable":true,"href":"https:\/\/linitiative.ca\/International\/wp-json\/wp\/v2\/tags?post=122099"}],"curies":[{"name":"wp","href":"https:\/\/api.w.org\/{rel}","templated":true}]}}