{"id":122101,"date":"2021-07-22T09:21:03","date_gmt":"2021-07-22T13:21:03","guid":{"rendered":"https:\/\/linitiative.ca\/International\/recherche-sur-le-coronavirus-et-les-variants-lue-injecte-120-millions-deuros\/"},"modified":"2021-07-22T09:21:03","modified_gmt":"2021-07-22T13:21:03","slug":"recherche-sur-le-coronavirus-et-les-variants-lue-injecte-120-millions-deuros","status":"publish","type":"post","link":"https:\/\/linitiative.ca\/International\/recherche-sur-le-coronavirus-et-les-variants-lue-injecte-120-millions-deuros\/","title":{"rendered":"Recherche sur le coronavirus et les variants: L&rsquo;UE injecte 120 millions d&rsquo;euros"},"content":{"rendered":"<div>\n<div class=\"field field-name-body field-type-text-with-summary field-label-hidden\">\n<div class=\"field-items\">\n<div class=\"field-item even\" property=\"content:encoded\">\n<p class=\"rtejustify\">La Commission europ\u00e9enne a annonc\u00e9, jeudi, avoir pr\u00e9s\u00e9lectionn\u00e9 11 nouveaux projets dot\u00e9s de 120 millions d&rsquo;euros pour soutenir la recherche sur le coronavirus et ses variants.<\/p>\n<\/div>\n<\/div>\n<\/div>\n<\/div>\n<p>Auteur: hgueye<br \/>\n<a href=\"https:\/\/www.leconomiste.com\/flash-infos\/recherche-sur-le-coronavirus-et-les-variants-l-ue-alloue-120-millions-d-euros-0\">Cliquez ici pour lire l&rsquo;article depuis sa source.<\/a><\/p>\n","protected":false},"excerpt":{"rendered":"<p>La Commission europ\u00e9enne a annonc\u00e9, jeudi, avoir pr\u00e9s\u00e9lectionn\u00e9 11 nouveaux projets dot\u00e9s de 120 millions d&rsquo;euros pour soutenir la recherche sur le coronavirus et ses variants. Auteur: hgueye Cliquez ici pour lire l&rsquo;article depuis sa source.<\/p>\n","protected":false},"author":1763,"featured_media":0,"comment_status":"closed","ping_status":"closed","sticky":false,"template":"","format":"standard","meta":{"fifu_image_url":"","fifu_image_alt":"","footnotes":""},"categories":[78,54],"tags":[],"class_list":["post-122101","post","type-post","status-publish","format-standard","hentry","category-economie","category-maroc"],"_links":{"self":[{"href":"https:\/\/linitiative.ca\/International\/wp-json\/wp\/v2\/posts\/122101","targetHints":{"allow":["GET"]}}],"collection":[{"href":"https:\/\/linitiative.ca\/International\/wp-json\/wp\/v2\/posts"}],"about":[{"href":"https:\/\/linitiative.ca\/International\/wp-json\/wp\/v2\/types\/post"}],"author":[{"embeddable":true,"href":"https:\/\/linitiative.ca\/International\/wp-json\/wp\/v2\/users\/1763"}],"replies":[{"embeddable":true,"href":"https:\/\/linitiative.ca\/International\/wp-json\/wp\/v2\/comments?post=122101"}],"version-history":[{"count":0,"href":"https:\/\/linitiative.ca\/International\/wp-json\/wp\/v2\/posts\/122101\/revisions"}],"wp:attachment":[{"href":"https:\/\/linitiative.ca\/International\/wp-json\/wp\/v2\/media?parent=122101"}],"wp:term":[{"taxonomy":"category","embeddable":true,"href":"https:\/\/linitiative.ca\/International\/wp-json\/wp\/v2\/categories?post=122101"},{"taxonomy":"post_tag","embeddable":true,"href":"https:\/\/linitiative.ca\/International\/wp-json\/wp\/v2\/tags?post=122101"}],"curies":[{"name":"wp","href":"https:\/\/api.w.org\/{rel}","templated":true}]}}