{"id":122103,"date":"2021-07-22T09:48:59","date_gmt":"2021-07-22T13:48:59","guid":{"rendered":"https:\/\/linitiative.ca\/International\/aid-al-adha-9-000-tonnes-de-dechets-collectees-a-tanger\/"},"modified":"2021-07-22T09:48:59","modified_gmt":"2021-07-22T13:48:59","slug":"aid-al-adha-9-000-tonnes-de-dechets-collectees-a-tanger","status":"publish","type":"post","link":"https:\/\/linitiative.ca\/International\/aid-al-adha-9-000-tonnes-de-dechets-collectees-a-tanger\/","title":{"rendered":"Aid Al Adha: 9.000 tonnes de d\u00e9chets collect\u00e9es \u00e0 Tanger"},"content":{"rendered":"<div>\n<div class=\"field field-name-body field-type-text-with-summary field-label-hidden\">\n<div class=\"field-items\">\n<div class=\"field-item even\" property=\"content:encoded\">\n<p class=\"rtejustify\">Les deux soci\u00e9t\u00e9s charg\u00e9es des services de propret\u00e9 de la ville de Tanger ont collect\u00e9, durant le premier jour de l&rsquo;A\u00efd Al Adha, environ 9.000 tonnes de d\u00e9chets, selon la commune. Cette op\u00e9ration\u00a0fait suite \u00e0 la mise en place d&rsquo;un plan d&rsquo;action visant \u00e0 relever le d\u00e9fi \u00ab\u00a0ville propre\u00a0\u00bb durant le premier jour de l\u2019A\u00efd Al Adha, avant minuit.<\/p>\n<\/div>\n<\/div>\n<\/div>\n<\/div>\n<p>Auteur: hgueye<br \/>\n<a href=\"https:\/\/www.leconomiste.com\/flash-infos\/aid-al-adha-9-000-tonnes-de-dechets-collectees-tanger\">Cliquez ici pour lire l&rsquo;article depuis sa source.<\/a><\/p>\n","protected":false},"excerpt":{"rendered":"<p>Les deux soci\u00e9t\u00e9s charg\u00e9es des services de propret\u00e9 de la ville de Tanger ont collect\u00e9, durant le premier jour de l&rsquo;A\u00efd Al Adha, environ 9.000 tonnes de d\u00e9chets, selon la commune. Cette op\u00e9ration\u00a0fait suite \u00e0 la mise en place d&rsquo;un plan d&rsquo;action visant \u00e0 relever le d\u00e9fi \u00ab\u00a0ville propre\u00a0\u00bb durant le premier jour de l\u2019A\u00efd [&hellip;]<\/p>\n","protected":false},"author":1763,"featured_media":0,"comment_status":"closed","ping_status":"closed","sticky":false,"template":"","format":"standard","meta":{"fifu_image_url":"","fifu_image_alt":"","footnotes":""},"categories":[78,54],"tags":[],"class_list":["post-122103","post","type-post","status-publish","format-standard","hentry","category-economie","category-maroc"],"_links":{"self":[{"href":"https:\/\/linitiative.ca\/International\/wp-json\/wp\/v2\/posts\/122103","targetHints":{"allow":["GET"]}}],"collection":[{"href":"https:\/\/linitiative.ca\/International\/wp-json\/wp\/v2\/posts"}],"about":[{"href":"https:\/\/linitiative.ca\/International\/wp-json\/wp\/v2\/types\/post"}],"author":[{"embeddable":true,"href":"https:\/\/linitiative.ca\/International\/wp-json\/wp\/v2\/users\/1763"}],"replies":[{"embeddable":true,"href":"https:\/\/linitiative.ca\/International\/wp-json\/wp\/v2\/comments?post=122103"}],"version-history":[{"count":0,"href":"https:\/\/linitiative.ca\/International\/wp-json\/wp\/v2\/posts\/122103\/revisions"}],"wp:attachment":[{"href":"https:\/\/linitiative.ca\/International\/wp-json\/wp\/v2\/media?parent=122103"}],"wp:term":[{"taxonomy":"category","embeddable":true,"href":"https:\/\/linitiative.ca\/International\/wp-json\/wp\/v2\/categories?post=122103"},{"taxonomy":"post_tag","embeddable":true,"href":"https:\/\/linitiative.ca\/International\/wp-json\/wp\/v2\/tags?post=122103"}],"curies":[{"name":"wp","href":"https:\/\/api.w.org\/{rel}","templated":true}]}}