{"id":122108,"date":"2021-07-22T05:30:19","date_gmt":"2021-07-22T09:30:19","guid":{"rendered":"https:\/\/linitiative.ca\/International\/des-hopitaux-submerges-et-des-services-en-manque-doxygene-a-constantine\/"},"modified":"2021-07-22T05:30:19","modified_gmt":"2021-07-22T09:30:19","slug":"des-hopitaux-submerges-et-des-services-en-manque-doxygene-a-constantine","status":"publish","type":"post","link":"https:\/\/linitiative.ca\/International\/des-hopitaux-submerges-et-des-services-en-manque-doxygene-a-constantine\/","title":{"rendered":"Des h\u00f4pitaux submerg\u00e9s et des services en manque d\u2019oxyg\u00e8ne \u00e0 Constantine"},"content":{"rendered":"<div>\n<div class=\"sriret\"><img decoding=\"async\" src=\"https:\/\/linitiative.ca\/International\/wp-content\/uploads\/sites\/23\/2021\/07\/default-picture-709x366_c-25.jpg\"><\/div>\n<p>En d\u00e9pit de l\u2019avancement relatif de la campagne de vaccination, la situation \u00e9pid\u00e9miologique dans la wilaya de Constantine est devenue critique. Les sp\u00e9cialistes sont d\u00e9j\u00e0 sur leurs gardes face \u00e0 un \u00e9ventuel pic, en raison du nombre des cas en nette hausse.<\/p>\n<p>A titre d\u2019exemple, le CHU Dr\u00a0Ben Badis a recens\u00e9 80 cas d\u00e9clar\u00e9s positifs dimanche dernier, \u00e0 la veille de l\u2019A\u00efd El Adha. Ce nombre est r\u00e9parti comme suit\u00a0: 16 patients en consultation, 14 admis en r\u00e9animation, 19 au service des maladies infectieuses et 31 en m\u00e9decine interne.<\/p>\n<p>\u00a0<\/p>\n<p>L\u2019article <a rel=\"nofollow\" href=\"https:\/\/www.elwatan.com\/edition\/actualite\/des-hopitaux-submerges-et-des-services-en-manque-doxygene-a-constantine-22-07-2021\">Des h\u00f4pitaux submerg\u00e9s et des services en manque d\u2019oxyg\u00e8ne \u00e0 Constantine<\/a> est apparu en premier sur <a rel=\"nofollow\" href=\"https:\/\/www.elwatan.com\/\">El Watan<\/a>.<\/p>\n<\/div>\n<p>Auteur: Hicham Chouadria<br \/>\n<a href=\"https:\/\/www.elwatan.com\/edition\/actualite\/des-hopitaux-submerges-et-des-services-en-manque-doxygene-a-constantine-22-07-2021\">Cliquez ici pour lire l&rsquo;article depuis sa source.<\/a><\/p>\n","protected":false},"excerpt":{"rendered":"<p>En d\u00e9pit de l\u2019avancement relatif de la campagne de vaccination, la situation \u00e9pid\u00e9miologique dans la wilaya de Constantine est devenue critique. Les sp\u00e9cialistes sont d\u00e9j\u00e0 sur leurs gardes face \u00e0 un \u00e9ventuel pic, en raison du nombre des cas en nette hausse. A titre d\u2019exemple, le CHU Dr\u00a0Ben Badis a recens\u00e9 80 cas d\u00e9clar\u00e9s positifs [&hellip;]<\/p>\n","protected":false},"author":1743,"featured_media":0,"comment_status":"closed","ping_status":"closed","sticky":false,"template":"","format":"standard","meta":{"fifu_image_url":"https:\/\/www.elwatan.com\/wp-content\/themes\/spectr\/img\/default-picture-709x366_c.jpg","fifu_image_alt":"Des h\u00f4pitaux submerg\u00e9s et des services en manque d\u2019oxyg\u00e8ne \u00e0 Constantine","footnotes":""},"categories":[73,53],"tags":[],"class_list":["post-122108","post","type-post","status-publish","format-standard","hentry","category-actualite","category-algerie"],"_links":{"self":[{"href":"https:\/\/linitiative.ca\/International\/wp-json\/wp\/v2\/posts\/122108","targetHints":{"allow":["GET"]}}],"collection":[{"href":"https:\/\/linitiative.ca\/International\/wp-json\/wp\/v2\/posts"}],"about":[{"href":"https:\/\/linitiative.ca\/International\/wp-json\/wp\/v2\/types\/post"}],"author":[{"embeddable":true,"href":"https:\/\/linitiative.ca\/International\/wp-json\/wp\/v2\/users\/1743"}],"replies":[{"embeddable":true,"href":"https:\/\/linitiative.ca\/International\/wp-json\/wp\/v2\/comments?post=122108"}],"version-history":[{"count":0,"href":"https:\/\/linitiative.ca\/International\/wp-json\/wp\/v2\/posts\/122108\/revisions"}],"wp:attachment":[{"href":"https:\/\/linitiative.ca\/International\/wp-json\/wp\/v2\/media?parent=122108"}],"wp:term":[{"taxonomy":"category","embeddable":true,"href":"https:\/\/linitiative.ca\/International\/wp-json\/wp\/v2\/categories?post=122108"},{"taxonomy":"post_tag","embeddable":true,"href":"https:\/\/linitiative.ca\/International\/wp-json\/wp\/v2\/tags?post=122108"}],"curies":[{"name":"wp","href":"https:\/\/api.w.org\/{rel}","templated":true}]}}