{"id":122110,"date":"2021-07-22T05:31:10","date_gmt":"2021-07-22T09:31:10","guid":{"rendered":"https:\/\/linitiative.ca\/International\/degradation-de-la-situation-sanitaire-les-appels-au-confinement-strict-et-a-la-vaccination-se-multiplient\/"},"modified":"2021-07-22T05:31:10","modified_gmt":"2021-07-22T09:31:10","slug":"degradation-de-la-situation-sanitaire-les-appels-au-confinement-strict-et-a-la-vaccination-se-multiplient","status":"publish","type":"post","link":"https:\/\/linitiative.ca\/International\/degradation-de-la-situation-sanitaire-les-appels-au-confinement-strict-et-a-la-vaccination-se-multiplient\/","title":{"rendered":"D\u00e9gradation de la situation sanitaire : Les appels au confinement strict et \u00e0 la vaccination se multiplient"},"content":{"rendered":"<div>\n<div class=\"sriret\"><img loading=\"lazy\" decoding=\"async\" width=\"1000\" height=\"562\" src=\"https:\/\/linitiative.ca\/International\/wp-content\/uploads\/sites\/23\/2021\/07\/COVID-1.jpg\" class=\"attachment-featured_large size-featured_large wp-post-image\" alt=\"\" style=\"margin-bottom: 15px;\" srcset=\"https:\/\/linitiative.ca\/International\/wp-content\/uploads\/sites\/23\/2021\/07\/COVID-1.jpg 1000w, https:\/\/www.elwatan.com\/wp-content\/uploads\/2020\/06\/COVID-300x169.jpg 300w, https:\/\/www.elwatan.com\/wp-content\/uploads\/2020\/06\/COVID-768x432.jpg 768w\" sizes=\"auto, (max-width: 1000px) 100vw, 1000px\"><\/div>\n<p>Alors que la situation \u00e9pid\u00e9miologique se d\u00e9grade dans plusieurs wilayas du pays, les appels au confinement et au respect des mesures barri\u00e8res se multiplient.<\/p>\n<p>Au vu du nombre d\u2019hospitalisations, les professionnels de la sant\u00e9 ne savent plus \u00e0 quel saint se vouer face \u00e0 l\u2019inaction des pouvoirs publics pour freiner l\u2019accroissement rapide des contaminations et \u00e9viter l\u2019h\u00e9catombe dans les prochains jours. \u00abLes h\u00f4pitaux sont submerg\u00e9s et nous redoutons les retomb\u00e9es de cette troisi\u00e8me vague avant m\u00eame le pic\u00bb, ne cessent d\u2019alerter des sp\u00e9cialistes \u00e0 travers les r\u00e9seaux sociaux. Le nombre de patients avec des formes graves augmente de plus en plus et la majorit\u00e9 n\u00e9cessite de l\u2019oxyg\u00e8ne en grande quantit\u00e9. \u00abAu rythme o\u00f9 vont les choses, la situation sera incontr\u00f4lable dans les prochains jours\u00bb, avertissent-ils.<\/p>\n<p>\u00a0<\/p>\n<p>L\u2019article <a rel=\"nofollow\" href=\"https:\/\/www.elwatan.com\/edition\/actualite\/degradation-de-la-situation-sanitaire-les-appels-au-confinement-strict-et-a-la-vaccination-se-multiplient-22-07-2021\">D\u00e9gradation de la situation sanitaire : Les appels au confinement strict et \u00e0 la vaccination se multiplient<\/a> est apparu en premier sur <a rel=\"nofollow\" href=\"https:\/\/www.elwatan.com\/\">El Watan<\/a>.<\/p>\n<\/div>\n<p>Auteur: Hicham Chouadria<br \/>\n<a href=\"https:\/\/www.elwatan.com\/edition\/actualite\/degradation-de-la-situation-sanitaire-les-appels-au-confinement-strict-et-a-la-vaccination-se-multiplient-22-07-2021\">Cliquez ici pour lire l&rsquo;article depuis sa source.<\/a><\/p>\n","protected":false},"excerpt":{"rendered":"<p>Alors que la situation \u00e9pid\u00e9miologique se d\u00e9grade dans plusieurs wilayas du pays, les appels au confinement et au respect des mesures barri\u00e8res se multiplient. Au vu du nombre d\u2019hospitalisations, les professionnels de la sant\u00e9 ne savent plus \u00e0 quel saint se vouer face \u00e0 l\u2019inaction des pouvoirs publics pour freiner l\u2019accroissement rapide des contaminations et [&hellip;]<\/p>\n","protected":false},"author":1743,"featured_media":0,"comment_status":"closed","ping_status":"closed","sticky":false,"template":"","format":"standard","meta":{"fifu_image_url":"https:\/\/www.elwatan.com\/wp-content\/uploads\/2020\/06\/COVID.jpg","fifu_image_alt":"D\u00e9gradation de la situation sanitaire : Les appels au confinement strict et \u00e0 la vaccination se multiplient","footnotes":""},"categories":[73,53],"tags":[],"class_list":["post-122110","post","type-post","status-publish","format-standard","hentry","category-actualite","category-algerie"],"_links":{"self":[{"href":"https:\/\/linitiative.ca\/International\/wp-json\/wp\/v2\/posts\/122110","targetHints":{"allow":["GET"]}}],"collection":[{"href":"https:\/\/linitiative.ca\/International\/wp-json\/wp\/v2\/posts"}],"about":[{"href":"https:\/\/linitiative.ca\/International\/wp-json\/wp\/v2\/types\/post"}],"author":[{"embeddable":true,"href":"https:\/\/linitiative.ca\/International\/wp-json\/wp\/v2\/users\/1743"}],"replies":[{"embeddable":true,"href":"https:\/\/linitiative.ca\/International\/wp-json\/wp\/v2\/comments?post=122110"}],"version-history":[{"count":0,"href":"https:\/\/linitiative.ca\/International\/wp-json\/wp\/v2\/posts\/122110\/revisions"}],"wp:attachment":[{"href":"https:\/\/linitiative.ca\/International\/wp-json\/wp\/v2\/media?parent=122110"}],"wp:term":[{"taxonomy":"category","embeddable":true,"href":"https:\/\/linitiative.ca\/International\/wp-json\/wp\/v2\/categories?post=122110"},{"taxonomy":"post_tag","embeddable":true,"href":"https:\/\/linitiative.ca\/International\/wp-json\/wp\/v2\/tags?post=122110"}],"curies":[{"name":"wp","href":"https:\/\/api.w.org\/{rel}","templated":true}]}}