{"id":122112,"date":"2021-07-22T05:35:14","date_gmt":"2021-07-22T09:35:14","guid":{"rendered":"https:\/\/linitiative.ca\/International\/rosa-moussaoui-journaliste-et-grand-reporter-a-lhumanite-sur-de-son-impunite-le-pouvoir-marocain-se-sent-autorise-a-franchir-toutes-les-lignes-rouges\/"},"modified":"2021-07-22T05:35:14","modified_gmt":"2021-07-22T09:35:14","slug":"rosa-moussaoui-journaliste-et-grand-reporter-a-lhumanite-sur-de-son-impunite-le-pouvoir-marocain-se-sent-autorise-a-franchir-toutes-les-lignes-rouges","status":"publish","type":"post","link":"https:\/\/linitiative.ca\/International\/rosa-moussaoui-journaliste-et-grand-reporter-a-lhumanite-sur-de-son-impunite-le-pouvoir-marocain-se-sent-autorise-a-franchir-toutes-les-lignes-rouges\/","title":{"rendered":"Rosa Moussaoui. Journaliste et Grand reporter \u00e0 L\u2019Humanit\u00e9 : \u00abS\u00fbr de son impunit\u00e9, le pouvoir marocain se sent autoris\u00e9 \u00e0 franchir toutes les lignes rouges\u00bb"},"content":{"rendered":"<div>\n<div class=\"sriret\"><img decoding=\"async\" src=\"https:\/\/linitiative.ca\/International\/wp-content\/uploads\/sites\/23\/2021\/07\/default-picture-709x366_c-26.jpg\"><\/div>\n<p>Selon Rosa Moussaoui, la complaisance de Paris pour les turpitudes et les pratiques autoritaires de la monarchie marocaine n\u2019est pas \u00e9trang\u00e8re \u00e0 cette situation.<\/p>\n<p>\u00a0<\/p>\n<p><em><strong>-De quelle mani\u00e8re avez-vous \u00e9t\u00e9 mise au courant que vous \u00e9tiez surveill\u00e9e par Pegasus\u00a0?<\/strong><\/em><\/p>\n<p>J\u2019ai appris que j\u2019\u00e9tais espionn\u00e9e en deux temps. D\u2019abord, j\u2019ai \u00e9t\u00e9 contact\u00e9e, il y a quelques semaines, par des journalistes du consortium Forbidden Stories qui m\u2019ont inform\u00e9e qu\u2019ils suspectaient que mon t\u00e9l\u00e9phone \u00e9tait cibl\u00e9 par le logiciel espion Pegasus. Je leur ai alors confi\u00e9 mon appareil afin qu\u2019il soit v\u00e9rifi\u00e9 et test\u00e9 par une \u00e9quipe sp\u00e9cialis\u00e9e du Security Lab d\u2019Amnesty International.<\/p>\n<p>L\u2019article <a rel=\"nofollow\" href=\"https:\/\/www.elwatan.com\/edition\/actualite\/rosa-moussaoui-journaliste-et-grand-reporter-a-lhumanite-sur-de-son-impunite-le-pouvoir-marocain-se-sent-autorise-a-franchir-toutes-les-lignes-rouges-22-07-2021\">Rosa Moussaoui. Journaliste et Grand reporter \u00e0 L\u2019Humanit\u00e9 : \u00abS\u00fbr de son impunit\u00e9, le pouvoir marocain se sent autoris\u00e9 \u00e0 franchir toutes les lignes rouges\u00bb<\/a> est apparu en premier sur <a rel=\"nofollow\" href=\"https:\/\/www.elwatan.com\/\">El Watan<\/a>.<\/p>\n<\/div>\n<p>Auteur: Hicham Chouadria<br \/>\n<a href=\"https:\/\/www.elwatan.com\/edition\/actualite\/rosa-moussaoui-journaliste-et-grand-reporter-a-lhumanite-sur-de-son-impunite-le-pouvoir-marocain-se-sent-autorise-a-franchir-toutes-les-lignes-rouges-22-07-2021\">Cliquez ici pour lire l&rsquo;article depuis sa source.<\/a><\/p>\n","protected":false},"excerpt":{"rendered":"<p>Selon Rosa Moussaoui, la complaisance de Paris pour les turpitudes et les pratiques autoritaires de la monarchie marocaine n\u2019est pas \u00e9trang\u00e8re \u00e0 cette situation. \u00a0 -De quelle mani\u00e8re avez-vous \u00e9t\u00e9 mise au courant que vous \u00e9tiez surveill\u00e9e par Pegasus\u00a0? J\u2019ai appris que j\u2019\u00e9tais espionn\u00e9e en deux temps. D\u2019abord, j\u2019ai \u00e9t\u00e9 contact\u00e9e, il y a quelques [&hellip;]<\/p>\n","protected":false},"author":1743,"featured_media":0,"comment_status":"closed","ping_status":"closed","sticky":false,"template":"","format":"standard","meta":{"fifu_image_url":"https:\/\/www.elwatan.com\/wp-content\/themes\/spectr\/img\/default-picture-709x366_c.jpg","fifu_image_alt":"Rosa Moussaoui. Journaliste et Grand reporter \u00e0 L\u2019Humanit\u00e9 : \u00abS\u00fbr de son impunit\u00e9, le pouvoir marocain se sent autoris\u00e9 \u00e0 franchir toutes les lignes rouges\u00bb","footnotes":""},"categories":[73,53],"tags":[],"class_list":["post-122112","post","type-post","status-publish","format-standard","hentry","category-actualite","category-algerie"],"_links":{"self":[{"href":"https:\/\/linitiative.ca\/International\/wp-json\/wp\/v2\/posts\/122112","targetHints":{"allow":["GET"]}}],"collection":[{"href":"https:\/\/linitiative.ca\/International\/wp-json\/wp\/v2\/posts"}],"about":[{"href":"https:\/\/linitiative.ca\/International\/wp-json\/wp\/v2\/types\/post"}],"author":[{"embeddable":true,"href":"https:\/\/linitiative.ca\/International\/wp-json\/wp\/v2\/users\/1743"}],"replies":[{"embeddable":true,"href":"https:\/\/linitiative.ca\/International\/wp-json\/wp\/v2\/comments?post=122112"}],"version-history":[{"count":0,"href":"https:\/\/linitiative.ca\/International\/wp-json\/wp\/v2\/posts\/122112\/revisions"}],"wp:attachment":[{"href":"https:\/\/linitiative.ca\/International\/wp-json\/wp\/v2\/media?parent=122112"}],"wp:term":[{"taxonomy":"category","embeddable":true,"href":"https:\/\/linitiative.ca\/International\/wp-json\/wp\/v2\/categories?post=122112"},{"taxonomy":"post_tag","embeddable":true,"href":"https:\/\/linitiative.ca\/International\/wp-json\/wp\/v2\/tags?post=122112"}],"curies":[{"name":"wp","href":"https:\/\/api.w.org\/{rel}","templated":true}]}}