{"id":122120,"date":"2021-07-22T05:01:00","date_gmt":"2021-07-22T09:01:00","guid":{"rendered":"https:\/\/linitiative.ca\/International\/tunisie-pour-une-rehabilitation-des-intrapreneurs-publics-en-temps-de-crise\/"},"modified":"2021-07-22T05:01:00","modified_gmt":"2021-07-22T09:01:00","slug":"tunisie-pour-une-rehabilitation-des-intrapreneurs-publics-en-temps-de-crise","status":"publish","type":"post","link":"https:\/\/linitiative.ca\/International\/tunisie-pour-une-rehabilitation-des-intrapreneurs-publics-en-temps-de-crise\/","title":{"rendered":"Tunisie: Pour une r\u00e9habilitation des \u00ab intrapreneurs \u00bb publics en temps de crise"},"content":{"rendered":"<div><img decoding=\"async\" src=\"https:\/\/linitiative.ca\/International\/wp-content\/uploads\/sites\/23\/2021\/07\/1626946008_article.jpg\" alt=\"Tunisie : Pour une r\u00e9habilitation des \u00ab intrapreneurs \u00bb publics en temps de crise\" align=\"left\">Par Karim Sa\u00efd &#8211; La gestion chaotique de la campagne de vaccination massive organis\u00e9e lors des f\u00eates de l\u2019A\u00efd r\u00e9v\u00e8le, s\u2019il en \u00e9tait besoin, le d\u00e9ficit chronique de savoir-faire manag\u00e9rial dans le secteur public oh combien indispensable dans la gestion des crises. Les intentions du d\u00e9cideur \u00abpolitique\u00bb sont bien \u00e9videmment louables et visent \u00e0 rattraper les rat\u00e9s d\u2019une strat\u00e9gie de vaccination qui ne sont pas exclusivement dus \u00e0 un manque de r\u00e9activit\u00e9. Pour autant, force est de constater que les implications organisationnelle et logistique de cette d\u00e9cision n\u2019ont pas \u00e9t\u00e9 bien calibr\u00e9es.<br \/>\nDans ce contexte, nous avons grand besoin aujourd\u2019hui d\u2019intrapreneurs &#8230;<\/p>\n<\/div>\n<p>Auteur:<br \/>\n<a href=\"https:\/\/www.leaders.com.tn\/article\/32180-tunisie-pour-une-rehabilitation-des-intrapreneurs-publics-en-temps-de-crise\">Cliquez ici pour lire l&rsquo;article depuis sa source.<\/a><\/p>\n","protected":false},"excerpt":{"rendered":"<p>Par Karim Sa\u00efd &#8211; La gestion chaotique de la campagne de vaccination massive organis\u00e9e lors des f\u00eates de l\u2019A\u00efd r\u00e9v\u00e8le, s\u2019il en \u00e9tait besoin, le d\u00e9ficit chronique de savoir-faire manag\u00e9rial dans le secteur public oh combien indispensable dans la gestion des crises. Les intentions du d\u00e9cideur \u00abpolitique\u00bb sont bien \u00e9videmment louables et visent \u00e0 rattraper [&hellip;]<\/p>\n","protected":false},"author":1772,"featured_media":0,"comment_status":"closed","ping_status":"closed","sticky":false,"template":"","format":"standard","meta":{"fifu_image_url":"http:\/\/www.leaders.com.tn\/uploads\/content\/thumbnails_small\/1626946008_article.jpg","fifu_image_alt":"Tunisie: Pour une r\u00e9habilitation des \u00ab intrapreneurs \u00bb publics en temps de crise","footnotes":""},"categories":[73,55],"tags":[],"class_list":["post-122120","post","type-post","status-publish","format-standard","hentry","category-actualite","category-tunisie"],"_links":{"self":[{"href":"https:\/\/linitiative.ca\/International\/wp-json\/wp\/v2\/posts\/122120","targetHints":{"allow":["GET"]}}],"collection":[{"href":"https:\/\/linitiative.ca\/International\/wp-json\/wp\/v2\/posts"}],"about":[{"href":"https:\/\/linitiative.ca\/International\/wp-json\/wp\/v2\/types\/post"}],"author":[{"embeddable":true,"href":"https:\/\/linitiative.ca\/International\/wp-json\/wp\/v2\/users\/1772"}],"replies":[{"embeddable":true,"href":"https:\/\/linitiative.ca\/International\/wp-json\/wp\/v2\/comments?post=122120"}],"version-history":[{"count":0,"href":"https:\/\/linitiative.ca\/International\/wp-json\/wp\/v2\/posts\/122120\/revisions"}],"wp:attachment":[{"href":"https:\/\/linitiative.ca\/International\/wp-json\/wp\/v2\/media?parent=122120"}],"wp:term":[{"taxonomy":"category","embeddable":true,"href":"https:\/\/linitiative.ca\/International\/wp-json\/wp\/v2\/categories?post=122120"},{"taxonomy":"post_tag","embeddable":true,"href":"https:\/\/linitiative.ca\/International\/wp-json\/wp\/v2\/tags?post=122120"}],"curies":[{"name":"wp","href":"https:\/\/api.w.org\/{rel}","templated":true}]}}