{"id":122122,"date":"2021-07-22T12:44:00","date_gmt":"2021-07-22T16:44:00","guid":{"rendered":"https:\/\/linitiative.ca\/International\/etudiants-des-etablissements-prives-vs-etudiants-des-etablissements-publics-deux-poids-deux-mesures\/"},"modified":"2021-07-22T12:44:00","modified_gmt":"2021-07-22T16:44:00","slug":"etudiants-des-etablissements-prives-vs-etudiants-des-etablissements-publics-deux-poids-deux-mesures","status":"publish","type":"post","link":"https:\/\/linitiative.ca\/International\/etudiants-des-etablissements-prives-vs-etudiants-des-etablissements-publics-deux-poids-deux-mesures\/","title":{"rendered":"Etudiants des \u00e9tablissements priv\u00e9s vs \u00e9tudiants des \u00e9tablissements publics : deux poids, deux mesures"},"content":{"rendered":"<div><img decoding=\"async\" src=\"https:\/\/linitiative.ca\/International\/wp-content\/uploads\/sites\/23\/2021\/07\/1626969256_article.jpg\" alt=\"Etudiants des \u00e9tablissements priv\u00e9s vs \u00e9tudiants des \u00e9tablissements publics : deux poids, deux mesures\" align=\"left\">Par Ridha Bergaoui &#8211; Selon les donn\u00e9es du Minist\u00e8re de l\u2019Enseignement Sup\u00e9rieur et de la Recherche Scientifique (MESRS), pour l\u2019ann\u00e9e universitaire 2018-2019, le nombre total des \u00e9tudiants \u00e9tait de 267 154 r\u00e9parti en 233 692 dans les \u00e9tablissements publics et 33 462 dans les \u00e9tablissements priv\u00e9s.\u00a0<br \/>\nQuoiqu\u2019\u00e0 priori rien ne permette de diff\u00e9rencier un \u00e9tudiant d\u2019un \u00e9tablissement public d\u2019un autre inscrit dans un \u00e9tablissement priv\u00e9, pourtant sur les papiers officiels certaines diff\u00e9rences existent.<br \/>\nEtudiant d\u2019un \u00e9tablissement public vs \u00e9tudiant du priv\u00e9<br \/>\nPour un \u00e9tudiant du secteur priv\u00e9, tout document d\u00e9livr\u00e9 par son \u00e9tablissement ne devient officiel &#8230;<\/p>\n<\/div>\n<p>Auteur:<br \/>\n<a href=\"https:\/\/www.leaders.com.tn\/article\/32183-etudiants-des-etablissements-prives-vs-etudiants-des-etablissements-publics-deux-poids-deux-mesures\">Cliquez ici pour lire l&rsquo;article depuis sa source.<\/a><\/p>\n","protected":false},"excerpt":{"rendered":"<p>Par Ridha Bergaoui &#8211; Selon les donn\u00e9es du Minist\u00e8re de l\u2019Enseignement Sup\u00e9rieur et de la Recherche Scientifique (MESRS), pour l\u2019ann\u00e9e universitaire 2018-2019, le nombre total des \u00e9tudiants \u00e9tait de 267 154 r\u00e9parti en 233 692 dans les \u00e9tablissements publics et 33 462 dans les \u00e9tablissements priv\u00e9s.\u00a0 Quoiqu\u2019\u00e0 priori rien ne permette de diff\u00e9rencier un \u00e9tudiant [&hellip;]<\/p>\n","protected":false},"author":1772,"featured_media":0,"comment_status":"closed","ping_status":"closed","sticky":false,"template":"","format":"standard","meta":{"fifu_image_url":"http:\/\/www.leaders.com.tn\/uploads\/content\/thumbnails_small\/1626969256_article.jpg","fifu_image_alt":"Etudiants des \u00e9tablissements priv\u00e9s vs \u00e9tudiants des \u00e9tablissements publics : deux poids, deux mesures","footnotes":""},"categories":[73,55],"tags":[],"class_list":["post-122122","post","type-post","status-publish","format-standard","hentry","category-actualite","category-tunisie"],"_links":{"self":[{"href":"https:\/\/linitiative.ca\/International\/wp-json\/wp\/v2\/posts\/122122","targetHints":{"allow":["GET"]}}],"collection":[{"href":"https:\/\/linitiative.ca\/International\/wp-json\/wp\/v2\/posts"}],"about":[{"href":"https:\/\/linitiative.ca\/International\/wp-json\/wp\/v2\/types\/post"}],"author":[{"embeddable":true,"href":"https:\/\/linitiative.ca\/International\/wp-json\/wp\/v2\/users\/1772"}],"replies":[{"embeddable":true,"href":"https:\/\/linitiative.ca\/International\/wp-json\/wp\/v2\/comments?post=122122"}],"version-history":[{"count":0,"href":"https:\/\/linitiative.ca\/International\/wp-json\/wp\/v2\/posts\/122122\/revisions"}],"wp:attachment":[{"href":"https:\/\/linitiative.ca\/International\/wp-json\/wp\/v2\/media?parent=122122"}],"wp:term":[{"taxonomy":"category","embeddable":true,"href":"https:\/\/linitiative.ca\/International\/wp-json\/wp\/v2\/categories?post=122122"},{"taxonomy":"post_tag","embeddable":true,"href":"https:\/\/linitiative.ca\/International\/wp-json\/wp\/v2\/tags?post=122122"}],"curies":[{"name":"wp","href":"https:\/\/api.w.org\/{rel}","templated":true}]}}