{"id":122126,"date":"2021-07-21T19:53:13","date_gmt":"2021-07-21T23:53:13","guid":{"rendered":"https:\/\/linitiative.ca\/International\/le-patron-de-loms-sest-exprime-devant-les-membres-du-cio\/"},"modified":"2021-07-21T19:53:13","modified_gmt":"2021-07-21T23:53:13","slug":"le-patron-de-loms-sest-exprime-devant-les-membres-du-cio","status":"publish","type":"post","link":"https:\/\/linitiative.ca\/International\/le-patron-de-loms-sest-exprime-devant-les-membres-du-cio\/","title":{"rendered":"Le patron de l\u2019OMS s\u2019est exprim\u00e9 devant les membres du CIO"},"content":{"rendered":"<div><img decoding=\"async\" width=\"2120\" height=\"1200\" src=\"https:\/\/linitiative.ca\/International\/wp-content\/uploads\/sites\/23\/2021\/07\/tokyo.jpg\" class=\"attachment-post-thumbnail size-post-thumbnail wp-post-image\" alt=\"\" loading=\"lazy\" srcset=\"https:\/\/linitiative.ca\/International\/wp-content\/uploads\/sites\/23\/2021\/07\/tokyo.jpg 2120w, https:\/\/www.challenge.ma\/wp-content\/uploads\/2021\/07\/tokyo-300x170.jpg 300w, https:\/\/www.challenge.ma\/wp-content\/uploads\/2021\/07\/tokyo-1024x580.jpg 1024w, https:\/\/www.challenge.ma\/wp-content\/uploads\/2021\/07\/tokyo-768x435.jpg 768w, https:\/\/www.challenge.ma\/wp-content\/uploads\/2021\/07\/tokyo-1536x869.jpg 1536w, https:\/\/www.challenge.ma\/wp-content\/uploads\/2021\/07\/tokyo-2048x1159.jpg 2048w, https:\/\/www.challenge.ma\/wp-content\/uploads\/2021\/07\/tokyo-360x204.jpg 360w, https:\/\/www.challenge.ma\/wp-content\/uploads\/2021\/07\/tokyo-750x425.jpg 750w\" sizes=\"auto, (max-width: 2120px) 100vw, 2120px\" itemprop=\"image\">S\u2019exprimant devant les membres du CIO au Japon, \u00e0 deux jours de l\u2019ouverture des Jeux d\u2019\u00e9t\u00e9 de Tokyo, Tedros Adhanom Ghebreyesus, le patron de l\u2019OMS, en a profit\u00e9 pour d\u00e9livrer un message concernant \u00e9videmment la pand\u00e9mie de coronavirus. Le patron de l\u2019OMS lance un appel. En effet, ce mercredi, Tedros<\/div>\n<p>Auteur: challenge<br \/>\n<a href=\"https:\/\/www.challenge.ma\/le-patron-de-loms-sest-exprime-devant-les-membres-du-cio-193424\/\">Cliquez ici pour lire l&rsquo;article depuis sa source.<\/a><\/p>\n","protected":false},"excerpt":{"rendered":"<p>S\u2019exprimant devant les membres du CIO au Japon, \u00e0 deux jours de l\u2019ouverture des Jeux d\u2019\u00e9t\u00e9 de Tokyo, Tedros Adhanom Ghebreyesus, le patron de l\u2019OMS, en a profit\u00e9 pour d\u00e9livrer un message concernant \u00e9videmment la pand\u00e9mie de coronavirus. Le patron de l\u2019OMS lance un appel. En effet, ce mercredi, Tedros Auteur: challenge Cliquez ici pour [&hellip;]<\/p>\n","protected":false},"author":1787,"featured_media":0,"comment_status":"closed","ping_status":"closed","sticky":false,"template":"","format":"standard","meta":{"fifu_image_url":"https:\/\/www.challenge.ma\/wp-content\/uploads\/2021\/07\/tokyo.jpg","fifu_image_alt":"Le patron de l\u2019OMS s\u2019est exprim\u00e9 devant les membres du CIO","footnotes":""},"categories":[78,54],"tags":[],"class_list":["post-122126","post","type-post","status-publish","format-standard","hentry","category-economie","category-maroc"],"_links":{"self":[{"href":"https:\/\/linitiative.ca\/International\/wp-json\/wp\/v2\/posts\/122126","targetHints":{"allow":["GET"]}}],"collection":[{"href":"https:\/\/linitiative.ca\/International\/wp-json\/wp\/v2\/posts"}],"about":[{"href":"https:\/\/linitiative.ca\/International\/wp-json\/wp\/v2\/types\/post"}],"author":[{"embeddable":true,"href":"https:\/\/linitiative.ca\/International\/wp-json\/wp\/v2\/users\/1787"}],"replies":[{"embeddable":true,"href":"https:\/\/linitiative.ca\/International\/wp-json\/wp\/v2\/comments?post=122126"}],"version-history":[{"count":0,"href":"https:\/\/linitiative.ca\/International\/wp-json\/wp\/v2\/posts\/122126\/revisions"}],"wp:attachment":[{"href":"https:\/\/linitiative.ca\/International\/wp-json\/wp\/v2\/media?parent=122126"}],"wp:term":[{"taxonomy":"category","embeddable":true,"href":"https:\/\/linitiative.ca\/International\/wp-json\/wp\/v2\/categories?post=122126"},{"taxonomy":"post_tag","embeddable":true,"href":"https:\/\/linitiative.ca\/International\/wp-json\/wp\/v2\/tags?post=122126"}],"curies":[{"name":"wp","href":"https:\/\/api.w.org\/{rel}","templated":true}]}}