{"id":122130,"date":"2021-07-22T16:26:31","date_gmt":"2021-07-22T20:26:31","guid":{"rendered":"https:\/\/linitiative.ca\/International\/tunisie-les-deputes-de-la-region-de-sousse-suspendent-leur-travail-et-tiennent-un-sit-in-au-siege-du-gouvernement\/"},"modified":"2021-07-22T16:26:31","modified_gmt":"2021-07-22T20:26:31","slug":"tunisie-les-deputes-de-la-region-de-sousse-suspendent-leur-travail-et-tiennent-un-sit-in-au-siege-du-gouvernement","status":"publish","type":"post","link":"https:\/\/linitiative.ca\/International\/tunisie-les-deputes-de-la-region-de-sousse-suspendent-leur-travail-et-tiennent-un-sit-in-au-siege-du-gouvernement\/","title":{"rendered":"Tunisie \u2013 Les d\u00e9put\u00e9s de la r\u00e9gion de Sousse suspendent leur travail et tiennent un sit-in au si\u00e8ge du gouvernement"},"content":{"rendered":"<div>\n<p>Le d\u00e9put\u00e9 sur la r\u00e9gion de Sousse, Houcine Jenayeh, a assur\u00e9, ce jeudi, \u00e0 la presse, que les d\u00e9put\u00e9s de la r\u00e9gion \u00e0 l\u2019ARP se sont mis d\u2019accord pour suspendre leur travail au sein de l\u2019assembl\u00e9e, en contestation du refus du gouvernement d\u2019autoriser des recrutements exceptionnels dans les structures de sant\u00e9 de la r\u00e9gion, \u00e0 [\u2026]<\/p>\n<p>L\u2019article <a href=\"https:\/\/www.tunisienumerique.com\/tunisie-les-deputes-de-la-region-de-sousse-suspendent-leur-travail-et-tiennent-un-sit-in-au-siege-du-gouvernement\/\">Tunisie \u2013 Les d\u00e9put\u00e9s de la r\u00e9gion de Sousse suspendent leur travail et tiennent un sit-in au si\u00e8ge du gouvernement<\/a> est apparu en premier sur <a href=\"https:\/\/www.tunisienumerique.com\/\">Tunisie<\/a>.<\/p>\n<\/div>\n<p>Auteur: LM<br \/>\n<a href=\"https:\/\/www.tunisienumerique.com\/tunisie-les-deputes-de-la-region-de-sousse-suspendent-leur-travail-et-tiennent-un-sit-in-au-siege-du-gouvernement\/\">Cliquez ici pour lire l&rsquo;article depuis sa source.<\/a><\/p>\n","protected":false},"excerpt":{"rendered":"<p>Le d\u00e9put\u00e9 sur la r\u00e9gion de Sousse, Houcine Jenayeh, a assur\u00e9, ce jeudi, \u00e0 la presse, que les d\u00e9put\u00e9s de la r\u00e9gion \u00e0 l\u2019ARP se sont mis d\u2019accord pour suspendre leur travail au sein de l\u2019assembl\u00e9e, en contestation du refus du gouvernement d\u2019autoriser des recrutements exceptionnels dans les structures de sant\u00e9 de la r\u00e9gion, \u00e0 [&hellip;]<\/p>\n","protected":false},"author":1789,"featured_media":0,"comment_status":"closed","ping_status":"closed","sticky":false,"template":"","format":"standard","meta":{"fifu_image_url":"","fifu_image_alt":"","footnotes":""},"categories":[73,55],"tags":[],"class_list":["post-122130","post","type-post","status-publish","format-standard","hentry","category-actualite","category-tunisie"],"_links":{"self":[{"href":"https:\/\/linitiative.ca\/International\/wp-json\/wp\/v2\/posts\/122130","targetHints":{"allow":["GET"]}}],"collection":[{"href":"https:\/\/linitiative.ca\/International\/wp-json\/wp\/v2\/posts"}],"about":[{"href":"https:\/\/linitiative.ca\/International\/wp-json\/wp\/v2\/types\/post"}],"author":[{"embeddable":true,"href":"https:\/\/linitiative.ca\/International\/wp-json\/wp\/v2\/users\/1789"}],"replies":[{"embeddable":true,"href":"https:\/\/linitiative.ca\/International\/wp-json\/wp\/v2\/comments?post=122130"}],"version-history":[{"count":0,"href":"https:\/\/linitiative.ca\/International\/wp-json\/wp\/v2\/posts\/122130\/revisions"}],"wp:attachment":[{"href":"https:\/\/linitiative.ca\/International\/wp-json\/wp\/v2\/media?parent=122130"}],"wp:term":[{"taxonomy":"category","embeddable":true,"href":"https:\/\/linitiative.ca\/International\/wp-json\/wp\/v2\/categories?post=122130"},{"taxonomy":"post_tag","embeddable":true,"href":"https:\/\/linitiative.ca\/International\/wp-json\/wp\/v2\/tags?post=122130"}],"curies":[{"name":"wp","href":"https:\/\/api.w.org\/{rel}","templated":true}]}}