{"id":122132,"date":"2021-07-22T16:38:59","date_gmt":"2021-07-22T20:38:59","guid":{"rendered":"https:\/\/linitiative.ca\/International\/tunisie-france-video-la-vaccination-est-la-cle-pour-en-finir-avec-lepidemie\/"},"modified":"2021-07-22T16:38:59","modified_gmt":"2021-07-22T20:38:59","slug":"tunisie-france-video-la-vaccination-est-la-cle-pour-en-finir-avec-lepidemie","status":"publish","type":"post","link":"https:\/\/linitiative.ca\/International\/tunisie-france-video-la-vaccination-est-la-cle-pour-en-finir-avec-lepidemie\/","title":{"rendered":"Tunisie-France [VIDEO]: \u00ab\u00a0La vaccination est la cl\u00e9 pour en finir avec l\u2019\u00e9pid\u00e9mie\u00a0\u00bb"},"content":{"rendered":"<div>\n<p>Le Chef du gouvernement, Hichem Mechichi a re\u00e7u aujourd\u2019hui, 22 juillet 2021 au palais de la Kasbah, le Secr\u00e9taire d\u2019Etat pr\u00e8s le ministre Europ\u00e9en et le ministre fran\u00e7ais des Affaires Etrang\u00e8res Charg\u00e9 du Tourisme, des Fran\u00e7ais \u00e0 l\u2019Etranger et de la Francophonie, ainsi que l\u2019ambassadeur de France en Tunisie, M. Andr\u00e9 Parant. Ladite r\u00e9union a [\u2026]<\/p>\n<p>L\u2019article <a href=\"https:\/\/www.tunisienumerique.com\/tunisie-france-video-la-vaccination-est-la-cle-pour-en-finir-avec-lepidemie\/\">Tunisie-France [VIDEO]: \u00ab\u00a0La vaccination est la cl\u00e9 pour en finir avec l\u2019\u00e9pid\u00e9mie\u00a0\u00bb<\/a> est apparu en premier sur <a href=\"https:\/\/www.tunisienumerique.com\/\">Tunisie<\/a>.<\/p>\n<\/div>\n<p>Auteur: rania ben slimane<br \/>\n<a href=\"https:\/\/www.tunisienumerique.com\/tunisie-france-video-la-vaccination-est-la-cle-pour-en-finir-avec-lepidemie\/\">Cliquez ici pour lire l&rsquo;article depuis sa source.<\/a><\/p>\n","protected":false},"excerpt":{"rendered":"<p>Le Chef du gouvernement, Hichem Mechichi a re\u00e7u aujourd\u2019hui, 22 juillet 2021 au palais de la Kasbah, le Secr\u00e9taire d\u2019Etat pr\u00e8s le ministre Europ\u00e9en et le ministre fran\u00e7ais des Affaires Etrang\u00e8res Charg\u00e9 du Tourisme, des Fran\u00e7ais \u00e0 l\u2019Etranger et de la Francophonie, ainsi que l\u2019ambassadeur de France en Tunisie, M. Andr\u00e9 Parant. Ladite r\u00e9union a [&hellip;]<\/p>\n","protected":false},"author":1789,"featured_media":0,"comment_status":"closed","ping_status":"closed","sticky":false,"template":"","format":"standard","meta":{"fifu_image_url":"","fifu_image_alt":"","footnotes":""},"categories":[73,55],"tags":[],"class_list":["post-122132","post","type-post","status-publish","format-standard","hentry","category-actualite","category-tunisie"],"_links":{"self":[{"href":"https:\/\/linitiative.ca\/International\/wp-json\/wp\/v2\/posts\/122132","targetHints":{"allow":["GET"]}}],"collection":[{"href":"https:\/\/linitiative.ca\/International\/wp-json\/wp\/v2\/posts"}],"about":[{"href":"https:\/\/linitiative.ca\/International\/wp-json\/wp\/v2\/types\/post"}],"author":[{"embeddable":true,"href":"https:\/\/linitiative.ca\/International\/wp-json\/wp\/v2\/users\/1789"}],"replies":[{"embeddable":true,"href":"https:\/\/linitiative.ca\/International\/wp-json\/wp\/v2\/comments?post=122132"}],"version-history":[{"count":0,"href":"https:\/\/linitiative.ca\/International\/wp-json\/wp\/v2\/posts\/122132\/revisions"}],"wp:attachment":[{"href":"https:\/\/linitiative.ca\/International\/wp-json\/wp\/v2\/media?parent=122132"}],"wp:term":[{"taxonomy":"category","embeddable":true,"href":"https:\/\/linitiative.ca\/International\/wp-json\/wp\/v2\/categories?post=122132"},{"taxonomy":"post_tag","embeddable":true,"href":"https:\/\/linitiative.ca\/International\/wp-json\/wp\/v2\/tags?post=122132"}],"curies":[{"name":"wp","href":"https:\/\/api.w.org\/{rel}","templated":true}]}}